{"id":105951,"date":"2026-01-15T22:43:09","date_gmt":"2026-01-15T22:43:09","guid":{"rendered":"https:\/\/www.europesays.com\/lv\/105951\/"},"modified":"2026-01-15T22:43:09","modified_gmt":"2026-01-15T22:43:09","slug":"prokurors-prasa-socialas-aprupes-centra-ezerkrasti-vadibai-noverst-trukumus-smagi-slimu-klientu-aprupe","status":"publish","type":"post","link":"https:\/\/www.europesays.com\/lv\/105951\/","title":{"rendered":"Prokurors prasa soci\u0101l\u0101s apr\u016bpes centra &#8220;Ezerkrasti&#8221; vad\u012bbai nov\u0113rst tr\u016bkumus smagi slimu klientu apr\u016bp\u0113"},"content":{"rendered":"<p>Vienlaikus p\u0101rbaudes laik\u0101 konstat\u0113ti atsevi\u0161\u0137i tr\u016bkumi un nepiln\u012bbas pakalpojumu snieg\u0161anas kvalit\u0101t\u0113, kas rada risku, ka smagi slimi klienti var nesa\u0146emt nepiecie\u0161amo atbalstu un apr\u016bpi. T\u0101d\u0113j\u0101di, pamatojoties uz Prokurat\u016bras likumu, valsts soci\u0101l\u0101s apr\u016bpes centra &#8220;R\u012bga&#8221; direktoram uzdots pilnveidot iest\u0101des sniegto pakalpojumu kvalit\u0101ti attiec\u012bb\u0101 uz smagi slimu klientu \u0113din\u0101\u0161anas procesu, t\u0101 uzskaiti, k\u0101 ar\u012b klientu sv\u0113r\u0161anas procesu un bie\u017eumu, it sevi\u0161\u0137i tiem klientiem, kuriem jau t\u0101 ir pazemin\u0101ts \u0137erme\u0146a svars un vienlaikus nov\u0113rojama negat\u012bva svara dinamika.<\/p>\n","protected":false},"excerpt":{"rendered":"Vienlaikus p\u0101rbaudes laik\u0101 konstat\u0113ti atsevi\u0161\u0137i tr\u016bkumi un nepiln\u012bbas pakalpojumu snieg\u0161anas kvalit\u0101t\u0113, kas rada risku, ka smagi slimi klienti&hellip;\n","protected":false},"author":2,"featured_media":105952,"comment_status":"","ping_status":"","sticky":false,"template":"","format":"standard","meta":{"footnotes":""},"categories":[12],"tags":[23,28,29,32,33,22,30,31,35,39,38,36,37,34,40,20,26,27,24,25,21],"class_list":{"0":"post-105951","1":"post","2":"type-post","3":"status-publish","4":"format-standard","5":"has-post-thumbnail","7":"category-latvija","8":"tag-aktualitates","9":"tag-breaking-news","10":"tag-breakingnews","11":"tag-featured-news","12":"tag-featurednews","13":"tag-headlines","14":"tag-latest-news","15":"tag-latestnews","16":"tag-latvia","17":"tag-latvian","18":"tag-latviesu","19":"tag-latviesu-valoda","20":"tag-latviesuvaloda","21":"tag-latvija","22":"tag-lv","23":"tag-news","24":"tag-popularakas-zinas","25":"tag-popularakaszinas","26":"tag-top-stories","27":"tag-topstories","28":"tag-zinas"},"share_on_mastodon":{"url":"https:\/\/pubeurope.com\/@lv\/115901536888192325","error":""},"_links":{"self":[{"href":"https:\/\/www.europesays.com\/lv\/wp-json\/wp\/v2\/posts\/105951","targetHints":{"allow":["GET"]}}],"collection":[{"href":"https:\/\/www.europesays.com\/lv\/wp-json\/wp\/v2\/posts"}],"about":[{"href":"https:\/\/www.europesays.com\/lv\/wp-json\/wp\/v2\/types\/post"}],"author":[{"embeddable":true,"href":"https:\/\/www.europesays.com\/lv\/wp-json\/wp\/v2\/users\/2"}],"replies":[{"embeddable":true,"href":"https:\/\/www.europesays.com\/lv\/wp-json\/wp\/v2\/comments?post=105951"}],"version-history":[{"count":0,"href":"https:\/\/www.europesays.com\/lv\/wp-json\/wp\/v2\/posts\/105951\/revisions"}],"wp:featuredmedia":[{"embeddable":true,"href":"https:\/\/www.europesays.com\/lv\/wp-json\/wp\/v2\/media\/105952"}],"wp:attachment":[{"href":"https:\/\/www.europesays.com\/lv\/wp-json\/wp\/v2\/media?parent=105951"}],"wp:term":[{"taxonomy":"category","embeddable":true,"href":"https:\/\/www.europesays.com\/lv\/wp-json\/wp\/v2\/categories?post=105951"},{"taxonomy":"post_tag","embeddable":true,"href":"https:\/\/www.europesays.com\/lv\/wp-json\/wp\/v2\/tags?post=105951"}],"curies":[{"name":"wp","href":"https:\/\/api.w.org\/{rel}","templated":true}]}}