{"id":105953,"date":"2026-01-15T22:49:17","date_gmt":"2026-01-15T22:49:17","guid":{"rendered":"https:\/\/www.europesays.com\/lv\/105953\/"},"modified":"2026-01-15T22:49:17","modified_gmt":"2026-01-15T22:49:17","slug":"mes-pec-vinas-loti-ilgojamies-ko-par-tragediju-saka-kuldiga-bojagajusas-skolnieces-klasesbiedrenes","status":"publish","type":"post","link":"https:\/\/www.europesays.com\/lv\/105953\/","title":{"rendered":"\u201cM\u0113s p\u0113c vi\u0146as \u013coti ilgojamies!\u201d Ko par tra\u0123\u0113diju saka Kuld\u012bg\u0101 boj\u0101g\u0101ju\u0161\u0101s skolnieces klasesbiedrenes"},"content":{"rendered":"<p>K\u0101da no meitenes tuv\u0101kaj\u0101m draudzen\u0113m atz\u012bst, ka probl\u0113mas, visticam\u0101k, biju\u0161as \u0101rpus skolas vides: \u201cM\u016bsu klases audzin\u0101t\u0101ja pied\u0101v\u0101ja R\u016btai iet pie skolas psihologa, un m\u0113s k\u0101 klase ar\u012b cent\u0101mies atbalst\u012bt R\u016btu. R\u016bta pati attiec\u0101s no pal\u012bdz\u012bbas. Es vi\u0146u nevainoju. \u013boti tuvu draudz\u0113jos ar meiteni, vi\u0146ai bija smaga depresija. Kad t\u0101 ir, tev ir gr\u016bti saprast, k\u0101d\u0113\u013c tev to (psihologa pal\u012bdz\u012bbu \u2013 red.) vajag: \u201cK\u0101da j\u0113ga no pal\u012bdz\u012bbas?\u201d. Ceru, ka R\u016btai ir viegl\u0101k, m\u0113s \u013coti ilgojamies.\u201d<\/p>\n","protected":false},"excerpt":{"rendered":"K\u0101da no meitenes tuv\u0101kaj\u0101m draudzen\u0113m atz\u012bst, ka probl\u0113mas, visticam\u0101k, biju\u0161as \u0101rpus skolas vides: \u201cM\u016bsu klases audzin\u0101t\u0101ja pied\u0101v\u0101ja R\u016btai&hellip;\n","protected":false},"author":2,"featured_media":105954,"comment_status":"","ping_status":"","sticky":false,"template":"","format":"standard","meta":{"footnotes":""},"categories":[12],"tags":[23,28,29,32,33,22,30,31,35,39,38,36,37,34,40,20,26,27,24,25,21],"class_list":{"0":"post-105953","1":"post","2":"type-post","3":"status-publish","4":"format-standard","5":"has-post-thumbnail","7":"category-latvija","8":"tag-aktualitates","9":"tag-breaking-news","10":"tag-breakingnews","11":"tag-featured-news","12":"tag-featurednews","13":"tag-headlines","14":"tag-latest-news","15":"tag-latestnews","16":"tag-latvia","17":"tag-latvian","18":"tag-latviesu","19":"tag-latviesu-valoda","20":"tag-latviesuvaloda","21":"tag-latvija","22":"tag-lv","23":"tag-news","24":"tag-popularakas-zinas","25":"tag-popularakaszinas","26":"tag-top-stories","27":"tag-topstories","28":"tag-zinas"},"share_on_mastodon":{"url":"https:\/\/pubeurope.com\/@lv\/115901560432753374","error":""},"_links":{"self":[{"href":"https:\/\/www.europesays.com\/lv\/wp-json\/wp\/v2\/posts\/105953","targetHints":{"allow":["GET"]}}],"collection":[{"href":"https:\/\/www.europesays.com\/lv\/wp-json\/wp\/v2\/posts"}],"about":[{"href":"https:\/\/www.europesays.com\/lv\/wp-json\/wp\/v2\/types\/post"}],"author":[{"embeddable":true,"href":"https:\/\/www.europesays.com\/lv\/wp-json\/wp\/v2\/users\/2"}],"replies":[{"embeddable":true,"href":"https:\/\/www.europesays.com\/lv\/wp-json\/wp\/v2\/comments?post=105953"}],"version-history":[{"count":0,"href":"https:\/\/www.europesays.com\/lv\/wp-json\/wp\/v2\/posts\/105953\/revisions"}],"wp:featuredmedia":[{"embeddable":true,"href":"https:\/\/www.europesays.com\/lv\/wp-json\/wp\/v2\/media\/105954"}],"wp:attachment":[{"href":"https:\/\/www.europesays.com\/lv\/wp-json\/wp\/v2\/media?parent=105953"}],"wp:term":[{"taxonomy":"category","embeddable":true,"href":"https:\/\/www.europesays.com\/lv\/wp-json\/wp\/v2\/categories?post=105953"},{"taxonomy":"post_tag","embeddable":true,"href":"https:\/\/www.europesays.com\/lv\/wp-json\/wp\/v2\/tags?post=105953"}],"curies":[{"name":"wp","href":"https:\/\/api.w.org\/{rel}","templated":true}]}}