{"id":105955,"date":"2026-01-15T22:50:16","date_gmt":"2026-01-15T22:50:16","guid":{"rendered":"https:\/\/www.europesays.com\/lv\/105955\/"},"modified":"2026-01-15T22:50:16","modified_gmt":"2026-01-15T22:50:16","slug":"arvalstu-diplomatus-informe-par-latvijas-attistibas-sadarbibas-agenturas-iesaisti-starptautisko-projektu-istenosana","status":"publish","type":"post","link":"https:\/\/www.europesays.com\/lv\/105955\/","title":{"rendered":"\u0100rvalstu diplom\u0101tus inform\u0113 par Latvijas att\u012bst\u012bbas sadarb\u012bbas a\u0123ent\u016bras iesaisti starptautisko projektu \u012bsteno\u0161an\u0101"},"content":{"rendered":"<p class=\"text-align-justify\">2026. gada 15. janv\u0101r\u012b \u0101rvalstu v\u0113stniec\u012bbu p\u0101rst\u0101vji R\u012bg\u0101 tika aicin\u0101ti uz tik\u0161anos \u0100rlietu ministrij\u0101, lai inform\u0113tu par Latvijas att\u012bst\u012bbas sadarb\u012bbas priorit\u0101t\u0113m un Latvijas \u012bstenotajiem projektiem partnervalstu atbalstam. \u012apa\u0161a uzman\u012bba tika piev\u0113rsta Centr\u0101l\u0101s finan\u0161u un l\u012bgumu a\u0123ent\u016bras (CFLA) k\u0101 Latvijas att\u012bst\u012bbas sadarb\u012bbas a\u0123ent\u016bras lomai sadarb\u012bb\u0101 ar starptautiskajiem partneriem. <\/p>\n<p class=\"text-align-justify\">Latvijas ieguld\u012bjums att\u012bst\u012bbas sadarb\u012bb\u0101 ietver Latvijas reformu pieredzes un ekspert\u012bzes nodo\u0161anu, institucion\u0101l\u0101s kapacit\u0101tes stiprin\u0101\u0161anu un ilgtsp\u0113j\u012bgas att\u012bst\u012bbas veicin\u0101\u0161anu partnervalst\u012bs ES austrumu kaimi\u0146u re\u0123ion\u0101, \u012bpa\u0161i izce\u013cot Ukrainu, Centr\u0101l\u0101zij\u0101 un \u0100frik\u0101. Tik\u0161an\u0101s laik\u0101 \u0101rvalstu diplom\u0101ti uzzin\u0101ja par Latvijas ekspert\u012bzes jom\u0101m, k\u0101 ar\u012b Latvijas uz\u0146\u0113m\u0113ju rad\u012btiem risin\u0101jumiem partnervalstu att\u012bst\u012bbas vajadz\u012bbu risin\u0101\u0161anai. <\/p>\n<p class=\"text-align-justify\">CFLA direktore Anita Kr\u016bmi\u0146a inform\u0113ja, ka kop\u0161 2022. gada, kad CFLA ieguva Latvijas att\u012bst\u012bbas sadarb\u012bbas a\u0123ent\u016bras statusu, a\u0123ent\u016bra sa\u0146\u0113musi Eiropas Komisijas akredit\u0101ciju un izveidojusi daudzveid\u012bgu projektu portfeli, piesaistot starptautisko donoru finans\u0113jumu. \u0160obr\u012bd a\u0123ent\u016bra ievie\u0161 asto\u0146us da\u017e\u0101da profila att\u012bst\u012bbas sadarb\u012bbas projektus priorit\u0101raj\u0101s partnervalst\u012bs par kop\u0113jo finans\u0113jumu 12,5 milj. EUR. T\u0101pat a\u0123ent\u016bra p\u0101rvalda liel\u0101ko da\u013cu Latvijas atbalsta projektu Ukrainas rekonstrukcijai. <\/p>\n<p class=\"text-align-justify\">Pas\u0101kums apliecin\u0101ja Latvijas akt\u012bvu iesaisti att\u012bst\u012bbas sadarb\u012bb\u0101 un interesi sadarboties ar partnervalst\u012bm, lai apvienotu centienus v\u0113l efekt\u012bv\u0101kai un m\u0113r\u0137tiec\u012bg\u0101kai glob\u0101lo izaicin\u0101jumu risin\u0101\u0161anai.<\/p>\n","protected":false},"excerpt":{"rendered":"2026. gada 15. janv\u0101r\u012b \u0101rvalstu v\u0113stniec\u012bbu p\u0101rst\u0101vji R\u012bg\u0101 tika aicin\u0101ti uz tik\u0161anos \u0100rlietu ministrij\u0101, lai inform\u0113tu par Latvijas&hellip;\n","protected":false},"author":2,"featured_media":105956,"comment_status":"","ping_status":"","sticky":false,"template":"","format":"standard","meta":{"footnotes":""},"categories":[5],"tags":[23,28,29,32,33,22,30,31,35,39,38,36,37,34,40,20,26,27,24,25,21],"class_list":{"0":"post-105955","1":"post","2":"type-post","3":"status-publish","4":"format-standard","5":"has-post-thumbnail","7":"category-aktualitates","8":"tag-aktualitates","9":"tag-breaking-news","10":"tag-breakingnews","11":"tag-featured-news","12":"tag-featurednews","13":"tag-headlines","14":"tag-latest-news","15":"tag-latestnews","16":"tag-latvia","17":"tag-latvian","18":"tag-latviesu","19":"tag-latviesu-valoda","20":"tag-latviesuvaloda","21":"tag-latvija","22":"tag-lv","23":"tag-news","24":"tag-popularakas-zinas","25":"tag-popularakaszinas","26":"tag-top-stories","27":"tag-topstories","28":"tag-zinas"},"share_on_mastodon":{"url":"https:\/\/pubeurope.com\/@lv\/115901564337498432","error":""},"_links":{"self":[{"href":"https:\/\/www.europesays.com\/lv\/wp-json\/wp\/v2\/posts\/105955","targetHints":{"allow":["GET"]}}],"collection":[{"href":"https:\/\/www.europesays.com\/lv\/wp-json\/wp\/v2\/posts"}],"about":[{"href":"https:\/\/www.europesays.com\/lv\/wp-json\/wp\/v2\/types\/post"}],"author":[{"embeddable":true,"href":"https:\/\/www.europesays.com\/lv\/wp-json\/wp\/v2\/users\/2"}],"replies":[{"embeddable":true,"href":"https:\/\/www.europesays.com\/lv\/wp-json\/wp\/v2\/comments?post=105955"}],"version-history":[{"count":0,"href":"https:\/\/www.europesays.com\/lv\/wp-json\/wp\/v2\/posts\/105955\/revisions"}],"wp:featuredmedia":[{"embeddable":true,"href":"https:\/\/www.europesays.com\/lv\/wp-json\/wp\/v2\/media\/105956"}],"wp:attachment":[{"href":"https:\/\/www.europesays.com\/lv\/wp-json\/wp\/v2\/media?parent=105955"}],"wp:term":[{"taxonomy":"category","embeddable":true,"href":"https:\/\/www.europesays.com\/lv\/wp-json\/wp\/v2\/categories?post=105955"},{"taxonomy":"post_tag","embeddable":true,"href":"https:\/\/www.europesays.com\/lv\/wp-json\/wp\/v2\/tags?post=105955"}],"curies":[{"name":"wp","href":"https:\/\/api.w.org\/{rel}","templated":true}]}}