{"id":105957,"date":"2026-01-15T22:56:14","date_gmt":"2026-01-15T22:56:14","guid":{"rendered":"https:\/\/www.europesays.com\/lv\/105957\/"},"modified":"2026-01-15T22:56:14","modified_gmt":"2026-01-15T22:56:14","slug":"koalicijas-partijas-atzinigi-verte-kazaka-kandidaturas-izskatisanu-uz-ecb-viceprezidenta-amatu-jauns-lv","status":"publish","type":"post","link":"https:\/\/www.europesays.com\/lv\/105957\/","title":{"rendered":"Koal\u012bcijas partijas atzin\u012bgi v\u0113rt\u0113 Kaz\u0101ka kandidat\u016bras izskat\u012b\u0161anu uz ECB viceprezidenta amatu &#8211; Jauns.lv"},"content":{"rendered":"<ol>\n<li><a href=\"https:\/\/news.google.com\/rss\/articles\/CBMiywFBVV95cUxPZjJ5cnNMYTBleVpxNkExYXM5bVAxcVk1eUlfS2t1LWFsSkFTOVg2TW13NlFaaGFGQW1ualdGckkzUGtKYlpqTkxyUFl0TDFxSG9IYzRBT1dPY3lUbDNfZC0zSUZiMDFRcjFvU2NVMTlkQ3ZvWFJKWVBfNEdtLVFzX1puWnVuT0tUQVBTeTZMbE45ZXNfTVIxTXI1RkN2QmtMMmNCVEhibE9Fdi14MzhpMjRCM2U2ajBXSUxNYjZ6Y2RhVDRkSkt4WDhCSQ?oc=5\" target=\"_blank\" rel=\"nofollow noopener\">Koal\u012bcijas partijas atzin\u012bgi v\u0113rt\u0113 Kaz\u0101ka kandidat\u016bras izskat\u012b\u0161anu uz ECB viceprezidenta amatu<\/a>&nbsp;&nbsp;Jauns.lv<\/li>\n<li><a href=\"https:\/\/news.google.com\/rss\/articles\/CBMiygFBVV95cUxPc3RfTFpPbHh6dFhtYU00WVdfSHRMcEhhV1NQSlkwZTdIUlI4UEI3MWFNbzNrRk8waHY3cTNfVTJEaU95d1h3RmVsN3VyUVNyVFBpTm92VDZUNk5YbW1HalE0TWxURVAwMjBrdV9SYUtwdV83RnNHUUx5Tm9SS1dON0RQVWRkR203ZXlDZU12VHBKZ0ZuSEotd3Rpb1VqTjVsVVBISjRoWU9FX1Y4OEtwX3NlM21WcmNOakhkMnRfLVZaTXVXWXJYTUpB?oc=5\" target=\"_blank\" rel=\"nofollow noopener\">Kaz\u0101ks ir viens no diviem v\u0113lamajiem kandid\u0101tiem ECB viceprezidenta amatam<\/a>&nbsp;&nbsp;Delfi<\/li>\n<li><a href=\"https:\/\/news.google.com\/rss\/articles\/CBMi8AFBVV95cUxNOTRiS281Qll2NDFHSFAzWkd0M0tfSVJEc2tDMEVhM1pSVEI2a1pUQ2VTZnJkVEotdlFwYzdtam5IcE9MSl9lM0ZYRmpyUktxNjBSWWt0SkIxc1lWRzlfTmhXeTVNQW5vS2dZVkdmWlRrdER1NE1nMGdVQ2FjaFBsTDgxeXNzT0FmUnNhUWtjQXhUdmJUUGZFbGgzQWpleVRrNXVlSkNoWWlCcGZ4Sndya2pwSmt1NnYyY1ByOVBpSVRUV1JtVm1NVkpDcWxCT0N2UldpM0NUU21HQ0J6Q2cyWVhLSFhXSFd3R29acG1zamc?oc=5\" target=\"_blank\" rel=\"nofollow noopener\">M\u0101rti\u0146\u0161 Kaz\u0101ks izvirz\u0101s k\u0101 viens no diviem v\u0113lamajiem kandid\u0101tiem uz Eiropas Centr\u0101l\u0101s bankas viceprezidenta amatu<\/a>&nbsp;&nbsp;Lente.lv<\/li>\n<li><a href=\"https:\/\/news.google.com\/rss\/articles\/CBMixwFBVV95cUxNMFFJRlcwb29mVHI4OXVHTERUOEc5ODB3bmxvYWhCR0U4ZWZfS01zLUltZTRDSU5fSFZQM2xoZ3Bvai10MlF3YldOZ3dIeXNDWHpSc3ByYm55OEpRaC1NRmw5cEN4VmFyWW90a01tN0VTZEpkMTFXMXU1UDRIOWFOUE1McTQyU19abkFMQzlNUUxFdUpRV2h4ek5OQS1IZ1hQZWVCVFpxNUVUdEx2QncxaFVSQ211aEFqUDhiTFVYNi1ZMWtMQmxn?oc=5\" target=\"_blank\" rel=\"nofollow noopener\">Par ECB viceprezidenta vietu sacent\u012bsies se\u0161i kandid\u0101ti, tostarp no Latvijas<\/a>&nbsp;&nbsp;Delfi<\/li>\n<li><a href=\"https:\/\/news.google.com\/rss\/articles\/CBMivAFBVV95cUxPWDdIdjd6bUhyU1V5dmJkNS1sS3V5VVhDRFRiZjhhcHFuOGY5N01QdnYwVExpeXJza3RnNkRGVmxhR2hlOHhTcF94eWxuY1k1dDkzQVM5WjJDdFl4bWJ2VTc2dFhsbVRUbEMyY0E5Mzd4VmF1YjBhODR3ZXcxZ1ZwbWpkeTF0bFI1MjdXWVl3ampKMUduQVRhX2JBOGlIZy1fSEROcklENjhZZmp3QTdWWFB3Y0RESUNpU0xRZA?oc=5\" target=\"_blank\" rel=\"nofollow noopener\">Kaz\u0101ks izvirz\u0101s k\u0101 viens no kandid\u0101tiem uz Eiropas Centr\u0101l\u0101s bankas viceprezidenta amatu<\/a>&nbsp;&nbsp;1188.lv<\/li>\n<\/ol>\n","protected":false},"excerpt":{"rendered":"Koal\u012bcijas partijas atzin\u012bgi v\u0113rt\u0113 Kaz\u0101ka kandidat\u016bras izskat\u012b\u0161anu uz ECB viceprezidenta amatu&nbsp;&nbsp;Jauns.lv Kaz\u0101ks ir viens no diviem v\u0113lamajiem kandid\u0101tiem&hellip;\n","protected":false},"author":2,"featured_media":105958,"comment_status":"","ping_status":"","sticky":false,"template":"","format":"standard","meta":{"footnotes":""},"categories":[5],"tags":[23,28,29,32,33,22,30,31,35,39,38,36,37,34,40,20,26,27,24,25,21],"class_list":{"0":"post-105957","1":"post","2":"type-post","3":"status-publish","4":"format-standard","5":"has-post-thumbnail","7":"category-aktualitates","8":"tag-aktualitates","9":"tag-breaking-news","10":"tag-breakingnews","11":"tag-featured-news","12":"tag-featurednews","13":"tag-headlines","14":"tag-latest-news","15":"tag-latestnews","16":"tag-latvia","17":"tag-latvian","18":"tag-latviesu","19":"tag-latviesu-valoda","20":"tag-latviesuvaloda","21":"tag-latvija","22":"tag-lv","23":"tag-news","24":"tag-popularakas-zinas","25":"tag-popularakaszinas","26":"tag-top-stories","27":"tag-topstories","28":"tag-zinas"},"share_on_mastodon":{"url":"https:\/\/pubeurope.com\/@lv\/115901587983196535","error":""},"_links":{"self":[{"href":"https:\/\/www.europesays.com\/lv\/wp-json\/wp\/v2\/posts\/105957","targetHints":{"allow":["GET"]}}],"collection":[{"href":"https:\/\/www.europesays.com\/lv\/wp-json\/wp\/v2\/posts"}],"about":[{"href":"https:\/\/www.europesays.com\/lv\/wp-json\/wp\/v2\/types\/post"}],"author":[{"embeddable":true,"href":"https:\/\/www.europesays.com\/lv\/wp-json\/wp\/v2\/users\/2"}],"replies":[{"embeddable":true,"href":"https:\/\/www.europesays.com\/lv\/wp-json\/wp\/v2\/comments?post=105957"}],"version-history":[{"count":0,"href":"https:\/\/www.europesays.com\/lv\/wp-json\/wp\/v2\/posts\/105957\/revisions"}],"wp:featuredmedia":[{"embeddable":true,"href":"https:\/\/www.europesays.com\/lv\/wp-json\/wp\/v2\/media\/105958"}],"wp:attachment":[{"href":"https:\/\/www.europesays.com\/lv\/wp-json\/wp\/v2\/media?parent=105957"}],"wp:term":[{"taxonomy":"category","embeddable":true,"href":"https:\/\/www.europesays.com\/lv\/wp-json\/wp\/v2\/categories?post=105957"},{"taxonomy":"post_tag","embeddable":true,"href":"https:\/\/www.europesays.com\/lv\/wp-json\/wp\/v2\/tags?post=105957"}],"curies":[{"name":"wp","href":"https:\/\/api.w.org\/{rel}","templated":true}]}}