{"id":105959,"date":"2026-01-15T22:57:08","date_gmt":"2026-01-15T22:57:08","guid":{"rendered":"https:\/\/www.europesays.com\/lv\/105959\/"},"modified":"2026-01-15T22:57:08","modified_gmt":"2026-01-15T22:57:08","slug":"nosledzies-grupas-astronout-mini-serials-par-akustisko-turi-muc-drizuma-koncertfilma-lente-lv","status":"publish","type":"post","link":"https:\/\/www.europesays.com\/lv\/105959\/","title":{"rendered":"Nosl\u0113dzies grupas &#8220;Astro&#8217;n&#8217;out&#8221; mini seri\u0101ls par akustisko t\u016bri &#8220;M\u016bc&#8221;; dr\u012bzum\u0101 koncertfilma\u00a0\u2014\u00a0Lente.lv"},"content":{"rendered":"<p>Mini seri\u0101la &#8220;Splendid&#8221; nosl\u0113dzo\u0161\u0101 epizode pieejama digit\u0101laj\u0101s platform\u0101s<\/p>\n<p>Grupa &#8220;Astro&#8217;n&#8217;out&#8221; ir public\u0113jusi nosl\u0113dzo\u0161o, piekto epizodi savam dokument\u0101lajam mini seri\u0101lam par akustisk\u0101s t\u016bres &#8220;M\u016bc&#8221; tap\u0161anu un paral\u0113li norito\u0161o ilgtsp\u0113jas eksperimentu. Fin\u0101la epizode, kas saucas &#8220;Splendid&#8221;, \u013cauj ieskat\u012bties t\u016bres nosl\u0113guma posm\u0101 caur grupas basista Toma Poi\u0161a ac\u012bm, atkl\u0101jot aizkules emocijas un mirk\u013cus, kad iecer\u0113tais piepild\u0101s.<\/p>\n<p>\u0160is pusgadu garais dokument\u0101cijas process ir atspogu\u013cojis grupas gatavo\u0161anos gan akustiskajai t\u016brei, gan ar\u012b centienus \u012bstenot ilgtsp\u0113j\u012bgus risin\u0101jumus koncertu organiz\u0113\u0161an\u0101.<\/p>\n<p>Ilgtsp\u0113jas eksperiments un g\u016bt\u0101s atzi\u0146as<\/p>\n<p>Seri\u0101la nosl\u0113dzo\u0161\u0101 s\u0113rija apkopo secin\u0101jumus par to, kas ticis sasniegts un kuri ilgtsp\u0113jas jaut\u0101jumi joproj\u0101m sag\u0101d\u0101 izaicin\u0101jumus. Kop\u0101 ar projekta &#8220;ReGen Paaudze&#8221; partneriem \u2013 uz\u0146\u0113mumiem ZAAO un AJ Power Recycling \u2013 tiek p\u0101rspriestas izmai\u0146as scenogr\u0101fij\u0101, ap\u0123\u0113rb\u0101, \u0113din\u0101\u0161an\u0101, mobilit\u0101t\u0113 un ener\u0123ijas izmanto\u0161an\u0101. K\u0101 viena no galvenaj\u0101m atzi\u0146\u0101m ir strauj\u0101 izaugsme ilgtsp\u0113jas risin\u0101jumos p\u0113d\u0113jos gados, kas \u013cauj ap\u0161aub\u012bt un veiksm\u012bg\u0101k atrisin\u0101t daudzus ierastos nozares standartus. Tom\u0113r tiek ar\u012b uzsv\u0113rts, ka ilgtsp\u0113j\u012bgi risin\u0101jumi prasa laiku un var k\u013c\u016bt p\u0101r\u0101k d\u0101rgi, ja tiek sasteigti.<\/p>\n<p>Koncertfilma \u2013 jau febru\u0101r\u012b<\/p>\n<p>Grupas soliste M\u0101ra Upmane-Hol\u0161teine nor\u0101da, ka rado\u0161\u0101 salied\u0113t\u012bba un savstarp\u0113j\u0101 iepaz\u012b\u0161ana t\u016bres sagatavo\u0161anas laik\u0101 ir bijis noz\u012bm\u012bg\u0101kais notikums grupai. Ilgtsp\u0113jas eksperiments savuk\u0101rt devis iesp\u0113ju dal\u012bties pieredz\u0113 un iedvesmot citus.<\/p>\n<p>Fin\u0101la s\u0113rijas public\u0113\u0161ana iez\u012bm\u0113 ar\u012b gaid\u0101mo koncertfilmu, kas tiks prezent\u0113ta jau febru\u0101r\u012b. T\u0101 \u013caus skat\u012bt\u0101jiem izbaud\u012bt &#8220;M\u016bc&#8221; t\u016bres pieredzi kl\u0101tien\u0113 tiem, kuri nav pasp\u0113ju\u0161i apmekl\u0113t koncertus.<\/p>\n<p>Par akustisko t\u016bri &#8220;M\u016bc&#8221;<\/p>\n<p>Astro&#8217;n&#8217;out akustisk\u0101 koncertt\u016bre &#8220;M\u016bc&#8221; notika se\u0161\u0101s Latvijas pils\u0113t\u0101s, un katru koncertu raksturoja pieklusin\u0101tas gaismas, lakoniskas dekor\u0101cijas un personiskas sarunas. Koncertos tika atska\u0146otas gan grupas jaun\u0101k\u0101s dziesmas, gan ar\u012b popul\u0101ri hiti akustisk\u0101s versij\u0101s. T\u016bres ietvaros grupa sadarboj\u0101s ar iniciat\u012bvu &#8220;ReGen Paaudze&#8221;, lai \u012bstenotu maksim\u0101li ilgtsp\u0113j\u012bgus tehniskos risin\u0101jumus.<\/p>\n<p>Iepriek\u0161\u0113j\u0101 koncertfilma<\/p>\n<p>J\u0101atz\u012bm\u0113, ka &#8220;Astro&#8217;n&#8217;out&#8221; jau iepriek\u0161 izdeva koncertfilmu &#8220;Astro&#8217;n&#8217;out. Ar\u0113na R\u012bga&#8221;, kas dokument\u0113ja grupas 20 gadu past\u0101v\u0113\u0161anas v\u0113stur\u0113 liel\u0101ko koncertu. Taj\u0101 skan\u0113ja gan jaun\u0101 albuma dziesmas, gan labi zin\u0101mi hiti.<\/p>\n","protected":false},"excerpt":{"rendered":"Mini seri\u0101la &#8220;Splendid&#8221; nosl\u0113dzo\u0161\u0101 epizode pieejama digit\u0101laj\u0101s platform\u0101s Grupa &#8220;Astro&#8217;n&#8217;out&#8221; ir public\u0113jusi nosl\u0113dzo\u0161o, piekto epizodi savam dokument\u0101lajam mini&hellip;\n","protected":false},"author":2,"featured_media":105960,"comment_status":"","ping_status":"","sticky":false,"template":"","format":"standard","meta":{"footnotes":""},"categories":[19],"tags":[4151,89,90,35,39,38,36,37,34,40],"class_list":{"0":"post-105959","1":"post","2":"type-post","3":"status-publish","4":"format-standard","5":"has-post-thumbnail","7":"category-izklaide","8":"tag-astro","9":"tag-entertainment","10":"tag-izklaide","11":"tag-latvia","12":"tag-latvian","13":"tag-latviesu","14":"tag-latviesu-valoda","15":"tag-latviesuvaloda","16":"tag-latvija","17":"tag-lv"},"share_on_mastodon":{"url":"https:\/\/pubeurope.com\/@lv\/115901591975416312","error":""},"_links":{"self":[{"href":"https:\/\/www.europesays.com\/lv\/wp-json\/wp\/v2\/posts\/105959","targetHints":{"allow":["GET"]}}],"collection":[{"href":"https:\/\/www.europesays.com\/lv\/wp-json\/wp\/v2\/posts"}],"about":[{"href":"https:\/\/www.europesays.com\/lv\/wp-json\/wp\/v2\/types\/post"}],"author":[{"embeddable":true,"href":"https:\/\/www.europesays.com\/lv\/wp-json\/wp\/v2\/users\/2"}],"replies":[{"embeddable":true,"href":"https:\/\/www.europesays.com\/lv\/wp-json\/wp\/v2\/comments?post=105959"}],"version-history":[{"count":0,"href":"https:\/\/www.europesays.com\/lv\/wp-json\/wp\/v2\/posts\/105959\/revisions"}],"wp:featuredmedia":[{"embeddable":true,"href":"https:\/\/www.europesays.com\/lv\/wp-json\/wp\/v2\/media\/105960"}],"wp:attachment":[{"href":"https:\/\/www.europesays.com\/lv\/wp-json\/wp\/v2\/media?parent=105959"}],"wp:term":[{"taxonomy":"category","embeddable":true,"href":"https:\/\/www.europesays.com\/lv\/wp-json\/wp\/v2\/categories?post=105959"},{"taxonomy":"post_tag","embeddable":true,"href":"https:\/\/www.europesays.com\/lv\/wp-json\/wp\/v2\/tags?post=105959"}],"curies":[{"name":"wp","href":"https:\/\/api.w.org\/{rel}","templated":true}]}}