{"id":105961,"date":"2026-01-15T22:58:08","date_gmt":"2026-01-15T22:58:08","guid":{"rendered":"https:\/\/www.europesays.com\/lv\/105961\/"},"modified":"2026-01-15T22:58:08","modified_gmt":"2026-01-15T22:58:08","slug":"rodions-kurucs-rezultativaks-par-rolandu-smitu-baskonia-viesos-pieveic-anadolu-efes-jauns-lv","status":"publish","type":"post","link":"https:\/\/www.europesays.com\/lv\/105961\/","title":{"rendered":"Rodions Kurucs rezultat\u012bv\u0101ks par Rolandu \u0160mitu: &quot;Baskonia&quot; viesos pieveic &quot;Anadolu Efes&quot; &#8211; Jauns.lv"},"content":{"rendered":"<ol>\n<li><a href=\"https:\/\/news.google.com\/rss\/articles\/CBMivgFBVV95cUxNX3Z2T1dUZHR4SXNlcHFaMVU1b1NHSkpXbUktUzVZeFNETWRBemt3X01XLVVUMkY4OTl3MVlRTUVEX0hVcUFES3BVaFA5UWVOZlpJbFMzMldNRUgyS2ZOTUVaRGFnTkRzX2RjQXlVdlRXbWY2U3dmOFBEYWRXRy0tYjVxWEo4eUtuOVhVQklITkVKdFdiSVBfRVJGcFdfOUg5dTlOWExVYWRfWV9ZRW9MUXBJQ000Ti1BOWVCeUJB?oc=5\" target=\"_blank\" rel=\"nofollow noopener\">Rodions Kurucs rezultat\u012bv\u0101ks par Rolandu \u0160mitu: &#8220;Baskonia&#8221; viesos pieveic &#8220;Anadolu Efes&#8221;<\/a>&nbsp;&nbsp;Jauns.lv<\/li>\n<li><a href=\"https:\/\/news.google.com\/rss\/articles\/CBMi6AFBVV95cUxPQ0VqYnNtQnRwSGM4Rmh3SXRxWGtCQXhGdE1OdUFIQmFsRFhIZFRTLVdxU1U4WUtBNkxfZXJMeDlsVUduNVRaZTdaNERZY1Rval9FMlJ5NEIwYmFwMjJ3YnA5RFdMSEQxZUhIWUM5Y3NBb0tPNC1wdWdtdVJIbnBuYXgtNVduT0QxNWxFLTJtZzNSeFVZRmY5c3dySjNaWExhdVdlY3hxWEtJWFJxa3piOTk0bzhUaUl4NnFCRU1MaDV4TERQTFpuU2ZRRy15SlU5Znlhc3NNbG9odS02MkE5WTdDY1pKZ2Mx?oc=5\" target=\"_blank\" rel=\"nofollow noopener\">Rodionam Kurucam rezultativit\u0101tes rekords ULEB Eirol\u012bg\u0101 pret \u0160mitu, produkt\u012bvs ar\u012b D\u0101vis Bert\u0101ns<\/a>&nbsp;&nbsp;Delfi<\/li>\n<li><a href=\"https:\/\/news.google.com\/rss\/articles\/CBMi1wFBVV95cUxOOXp6VktCWWcxWXlJWUhETWtwV2lRNHlYX1VfWmVYamZvUjNEdW16bUQyblZ2ZzJ4cW4tRFk5cEp2eEY1STNWZTB4eFpZd0FaczhwNGhCWTlvMGYyOHdpU1JiaDlUQnZmbHZ3Yi1STmZ5d0gtVUFsV0JuMEQwT1VLeDlqV1JFOXprQVBJa3lfZlROYUZuUFpfbkY2SFFjbkhRZ2ZIREZNeGI3eWZHdmZJLUYtM1hlMENQQTZ0MnV6Szkyd0dKSXJSZmtHdUQxVEJrcnk2Znp0VQ?oc=5\" target=\"_blank\" rel=\"nofollow noopener\">Eirol\u012bgas Latvijas duelis: Produkt\u012bvais Rodions Kurucs pal\u012bdz \u201cBaskonia\u201d pieveikt \u0160mita \u201cAnadolu Efes\u201d<\/a>&nbsp;&nbsp;tv3.lv<\/li>\n<li><a href=\"https:\/\/news.google.com\/rss\/articles\/CBMinAFBVV95cUxPSVpPTy1OdUp0OU0tQkwyZGh6UnlneWxBZFd4VEZ2M1RHUGdMYmhCYzh5VTMtSU05NzdJRlNYM09YbEtfb1JDSVhOSXRZWWZqRkYyX2gxbG5IdjdNQjFId1cwYnlGZy0zVTBMLWxyRnZfSjJWTDlKWG85UHM2UkZNVmJ2N3htMDktNTJ0cUZnRmR2LVl6Z2FFRDFBa0w?oc=5\" target=\"_blank\" rel=\"nofollow noopener\">Snaipera Obsta karjeras sp\u0113le p\u0101rtrumpo produkt\u012bvo Rodionu, &#8220;Baskonia&#8221; un &#8220;Efes&#8221; zaud\u0113 \u2013 Basketbols<\/a>&nbsp;&nbsp;Sportacentrs.com<\/li>\n<li><a href=\"https:\/\/news.google.com\/rss\/articles\/CBMiwAFBVV95cUxONV9sRWMzY2NTckpiWlJ5TUx3Y2s3eHdCdFVpRFJLMENYV0FLQ1JzdkRUamo0ZXdfV0Q5TXRtZjlNUnpnRFJ0Q2diZXZ0cFg4dnp4Z29nakpOTkR4cXJhU0FfQTAzanlVMXJxdnJmNGtZNjJvQVZodGZQeF8xWnFPZmtacHlQVHcyTVNEeUN5R1VydFIweGJxLWU3cHh2QkJRNkJYMVZWTnRhaVZUVm1KS1J2UFNPN3NSVDJjZVhCbjg?oc=5\" target=\"_blank\" rel=\"nofollow noopener\">Rodiona Kuruca \u201cBaskonia\u201d Eirol\u012bgas ma\u010d\u0101 p\u0101rsp\u0113j ASVEL un p\u0101rtrauc zaud\u0113jumu s\u0113riju<\/a>&nbsp;&nbsp;Inbox.lv<\/li>\n<\/ol>\n","protected":false},"excerpt":{"rendered":"Rodions Kurucs rezultat\u012bv\u0101ks par Rolandu \u0160mitu: &#8220;Baskonia&#8221; viesos pieveic &#8220;Anadolu Efes&#8221;&nbsp;&nbsp;Jauns.lv Rodionam Kurucam rezultativit\u0101tes rekords ULEB Eirol\u012bg\u0101 pret&hellip;\n","protected":false},"author":2,"featured_media":105962,"comment_status":"","ping_status":"","sticky":false,"template":"","format":"standard","meta":{"footnotes":""},"categories":[17],"tags":[35,39,38,36,37,34,40,67],"class_list":{"0":"post-105961","1":"post","2":"type-post","3":"status-publish","4":"format-standard","5":"has-post-thumbnail","7":"category-sports","8":"tag-latvia","9":"tag-latvian","10":"tag-latviesu","11":"tag-latviesu-valoda","12":"tag-latviesuvaloda","13":"tag-latvija","14":"tag-lv","15":"tag-sports"},"share_on_mastodon":{"url":"https:\/\/pubeurope.com\/@lv\/115901595818649946","error":""},"_links":{"self":[{"href":"https:\/\/www.europesays.com\/lv\/wp-json\/wp\/v2\/posts\/105961","targetHints":{"allow":["GET"]}}],"collection":[{"href":"https:\/\/www.europesays.com\/lv\/wp-json\/wp\/v2\/posts"}],"about":[{"href":"https:\/\/www.europesays.com\/lv\/wp-json\/wp\/v2\/types\/post"}],"author":[{"embeddable":true,"href":"https:\/\/www.europesays.com\/lv\/wp-json\/wp\/v2\/users\/2"}],"replies":[{"embeddable":true,"href":"https:\/\/www.europesays.com\/lv\/wp-json\/wp\/v2\/comments?post=105961"}],"version-history":[{"count":0,"href":"https:\/\/www.europesays.com\/lv\/wp-json\/wp\/v2\/posts\/105961\/revisions"}],"wp:featuredmedia":[{"embeddable":true,"href":"https:\/\/www.europesays.com\/lv\/wp-json\/wp\/v2\/media\/105962"}],"wp:attachment":[{"href":"https:\/\/www.europesays.com\/lv\/wp-json\/wp\/v2\/media?parent=105961"}],"wp:term":[{"taxonomy":"category","embeddable":true,"href":"https:\/\/www.europesays.com\/lv\/wp-json\/wp\/v2\/categories?post=105961"},{"taxonomy":"post_tag","embeddable":true,"href":"https:\/\/www.europesays.com\/lv\/wp-json\/wp\/v2\/tags?post=105961"}],"curies":[{"name":"wp","href":"https:\/\/api.w.org\/{rel}","templated":true}]}}