{"id":105963,"date":"2026-01-15T23:02:08","date_gmt":"2026-01-15T23:02:08","guid":{"rendered":"https:\/\/www.europesays.com\/lv\/105963\/"},"modified":"2026-01-15T23:02:08","modified_gmt":"2026-01-15T23:02:08","slug":"zime-gatis-sluka-es-izjaju-lasi-lv","status":"publish","type":"post","link":"https:\/\/www.europesays.com\/lv\/105963\/","title":{"rendered":"Z\u012bm\u0113 Gatis \u0160\u013c\u016bka. Es izj\u0101ju&#8230; &#8211; Lasi.lv"},"content":{"rendered":"<ol>\n<li><a href=\"https:\/\/news.google.com\/rss\/articles\/CBMie0FVX3lxTE5ZS1plX0plZFRvWWk5VEc5V3BfTU9GWDZIaFdndkg4bXR5LUk4QnBlZmlMOGpyWWtuTGxLdUczLUd0WUxDLXVldmx3c1Q2TWZZTml4UmVSNUZsTld1eVljTHRoWkppT3FUbzdPNWw4S2RPNEMwN2V6VklFcw?oc=5\" target=\"_blank\" rel=\"nofollow noopener\">Z\u012bm\u0113 Gatis \u0160\u013c\u016bka. Es izj\u0101ju&#8230;<\/a>&nbsp;&nbsp;Lasi.lv<\/li>\n<li><a href=\"https:\/\/news.google.com\/rss\/articles\/CBMi1wFBVV95cUxQaWFNUjhYSzNBZFE3UTI1SVNWeVpOY0hqX1o1ZUxLR0o3OU4yQnNFOGtVYVkydEQxck5CNVNfay1KVGR3bmo5UWdjQV9YSndCQnJSWmpWcXBtYzdhcU40MHR1SlV2ZGVtZlpNV0FDZzB1eU1BLUpwd3BtcVpQS1J2a1Zwc2FFdTRtcGdDczF6bkI0SnJCQ3BTQWNxanlrMjRwdUJVNGQzdmw4NE9ZbWRvTW56Ykd5WkF1YkxtUVRJcE9FX2ZLZkNxOVY5QjFmWE5WSy1HYXVUdw?oc=5\" target=\"_blank\" rel=\"nofollow noopener\">Kas notiks ar karte\u013cu atkl\u0101\u0161anu p\u0113c Augst\u0101k\u0101s tiesas sprieduma par sarunu noklaus\u012b\u0161anos? \/ 14.01.2026<\/a>&nbsp;&nbsp;REplay.lv<\/li>\n<li><a href=\"https:\/\/news.google.com\/rss\/articles\/CBMixgFBVV95cUxQR2d1RVBhVXdVSlpMcVptaFdFMGxISXJRMmFaQ2tseTJZbThoTzduN3NmOVg1alFPa3ViNDI4XzBNZFhXTE9vMUVicDhpQ3cxa1JQZk8tdkk5czlfN21TQ3Z2Z3djNkN6XzNTaF9HeUdkcGtCTUltSjBrbUZwMEY4QWdPWlZ5M3AwVDk0Y1NhbXZhMGlDOVlaWV9TcENkdDI1d2h3YzliUFkzT1IyWl9UVF9ZMnhQNnB2dkRyanAyM29uWW9IMnc?oc=5\" target=\"_blank\" rel=\"nofollow noopener\">&#8220;Spried ar Delfi&#8221;, vai par dal\u012bbu kartel\u012b j\u0101nosaka krimin\u0101latbild\u012bba<\/a>&nbsp;&nbsp;Delfi<\/li>\n<li><a href=\"https:\/\/news.google.com\/rss\/articles\/CBMivgFBVV95cUxOWGwwaUlnUDhzeGYwZWR2Z2dyRkhMNlBpOEo1dk5xcEhNV2JDNEdEc2tlbzB2LWdNTWRfMWxnZzFrdUdZV212ZXVkMTN4UmJjQUpCQWIyZU9oU09vWW42a29yVno3MmFOUE83cHF6OVEwbGstSlhlRDQ3QWRNdGR6WGpXc2VfWk9UN3BUX29pWU9DOEkzSnctSmFVUk8yVDNDOERmYWRCZU9GNFVsemk5aVlZMWV1RnNZc3NCQVFB?oc=5\" target=\"_blank\" rel=\"nofollow noopener\">Aug\u0161\u0101mce\u013cas reiz Saeim\u0101 norakt\u0101 karte\u013cu kriminaliz\u0101cija<\/a>&nbsp;&nbsp;NRA<\/li>\n<li><a href=\"https:\/\/news.google.com\/rss\/articles\/CBMisgFBVV95cUxNRTVCUG5KVVBoSUgycmxVYWhxOXJ0Q0E5ekZ5QWk4V0dqeGFDaUxSeThwT0MwRW52WUNyRS1nNDFsYzRYeDFQZFJSb0UzNlVyeUF5OU85akc4YkVUTUVaQXdBUXNySmJOQkdqUkN0UFZGMlllUnNseWhzZFZoRlBtV2pZYmluZUFoX0JkdFB4UjYyZHo3YVBBOXdaMXNiekZtSENULXFJM1ZlUzhzTXZlN0dB?oc=5\" target=\"_blank\" rel=\"nofollow noopener\">L\u016aSIS KOMENT\u0112 \u27e9 Karte\u013ci \u2013 dro\u0161s un nekait\u012bgs biznesa veids ar Augst\u0101k\u0101s tiesas atbalstu<\/a>&nbsp;&nbsp;TVNET<\/li>\n<\/ol>\n","protected":false},"excerpt":{"rendered":"Z\u012bm\u0113 Gatis \u0160\u013c\u016bka. Es izj\u0101ju&#8230;&nbsp;&nbsp;Lasi.lv Kas notiks ar karte\u013cu atkl\u0101\u0161anu p\u0113c Augst\u0101k\u0101s tiesas sprieduma par sarunu noklaus\u012b\u0161anos? \/&hellip;\n","protected":false},"author":2,"featured_media":105964,"comment_status":"","ping_status":"","sticky":false,"template":"","format":"standard","meta":{"footnotes":""},"categories":[5],"tags":[23,28,29,32,33,22,30,31,35,39,38,36,37,34,40,20,26,27,24,25,21],"class_list":{"0":"post-105963","1":"post","2":"type-post","3":"status-publish","4":"format-standard","5":"has-post-thumbnail","7":"category-aktualitates","8":"tag-aktualitates","9":"tag-breaking-news","10":"tag-breakingnews","11":"tag-featured-news","12":"tag-featurednews","13":"tag-headlines","14":"tag-latest-news","15":"tag-latestnews","16":"tag-latvia","17":"tag-latvian","18":"tag-latviesu","19":"tag-latviesu-valoda","20":"tag-latviesuvaloda","21":"tag-latvija","22":"tag-lv","23":"tag-news","24":"tag-popularakas-zinas","25":"tag-popularakaszinas","26":"tag-top-stories","27":"tag-topstories","28":"tag-zinas"},"share_on_mastodon":{"url":"https:\/\/pubeurope.com\/@lv\/115901611580190243","error":""},"_links":{"self":[{"href":"https:\/\/www.europesays.com\/lv\/wp-json\/wp\/v2\/posts\/105963","targetHints":{"allow":["GET"]}}],"collection":[{"href":"https:\/\/www.europesays.com\/lv\/wp-json\/wp\/v2\/posts"}],"about":[{"href":"https:\/\/www.europesays.com\/lv\/wp-json\/wp\/v2\/types\/post"}],"author":[{"embeddable":true,"href":"https:\/\/www.europesays.com\/lv\/wp-json\/wp\/v2\/users\/2"}],"replies":[{"embeddable":true,"href":"https:\/\/www.europesays.com\/lv\/wp-json\/wp\/v2\/comments?post=105963"}],"version-history":[{"count":0,"href":"https:\/\/www.europesays.com\/lv\/wp-json\/wp\/v2\/posts\/105963\/revisions"}],"wp:featuredmedia":[{"embeddable":true,"href":"https:\/\/www.europesays.com\/lv\/wp-json\/wp\/v2\/media\/105964"}],"wp:attachment":[{"href":"https:\/\/www.europesays.com\/lv\/wp-json\/wp\/v2\/media?parent=105963"}],"wp:term":[{"taxonomy":"category","embeddable":true,"href":"https:\/\/www.europesays.com\/lv\/wp-json\/wp\/v2\/categories?post=105963"},{"taxonomy":"post_tag","embeddable":true,"href":"https:\/\/www.europesays.com\/lv\/wp-json\/wp\/v2\/tags?post=105963"}],"curies":[{"name":"wp","href":"https:\/\/api.w.org\/{rel}","templated":true}]}}