{"id":105965,"date":"2026-01-15T23:03:18","date_gmt":"2026-01-15T23:03:18","guid":{"rendered":"https:\/\/www.europesays.com\/lv\/105965\/"},"modified":"2026-01-15T23:03:18","modified_gmt":"2026-01-15T23:03:18","slug":"sakas-musdienu-filmu-festivals-lacis-lauva-un-zars-aicinot-skatitajus-doties-kino-celojumos-lente-lv","status":"publish","type":"post","link":"https:\/\/www.europesays.com\/lv\/105965\/","title":{"rendered":"S\u0101kas M\u016bsdienu filmu festiv\u0101ls &#8220;L\u0101cis, lauva un zars&#8221;, aicinot skat\u012bt\u0101jus doties kino ce\u013cojumos\u00a0\u2014\u00a0Lente.lv"},"content":{"rendered":"<p>Festiv\u0101ls atkl\u0101ts ar Gabrielu Maskaru filmu<\/p>\n<p>\u0160o piektdien, 16. janv\u0101r\u012b, ar Gabrielu Maskaru filmu &#8220;Bezgal\u012bg\u0101 zilgme&#8221; kinote\u0101tros Latvij\u0101 s\u0101cies otrais M\u016bsdienu filmu festiv\u0101ls &#8220;L\u0101cis, lauva un zars&#8221;. Festiv\u0101ls, kura \u0161\u012b gada moto ir &#8220;Ce\u013c\u0161 paveras ejot&#8221;, l\u012bdz 25. janv\u0101rim pied\u0101v\u0101s skat\u012bt\u0101jiem aizraujo\u0161us kino mar\u0161rutus R\u012bg\u0101, C\u0113s\u012bs un Liep\u0101j\u0101. Programma izce\u013c filmas, kuru varo\u0146i non\u0101ku\u0161i situ\u0101cij\u0101s, kas maina notikumu t\u0101l\u0101ko att\u012bst\u012bbu.<\/p>\n<p>Moto un filmu izlase atspogu\u013co ce\u013co\u0161anas un cer\u012bbas t\u0113mu<\/p>\n<p>Festiv\u0101la moto &#8220;Ce\u013c\u0161 paveras ejot&#8221; simboliz\u0113 kust\u012bbu, cer\u012bbu un ce\u013cojumu, kas ir centr\u0101l\u0101s t\u0113mas \u0161\u012b gada filmu programm\u0101 . K\u0101 festiv\u0101la direktore Giedre Krik\u0161\u010d\u016bnaite nor\u0101da, ka t\u0113ma atspogu\u013co ar\u012b m\u016bsdienu pasaules nenoteikt\u012bbu, kur\u0101 ir svar\u012bgi doties uz priek\u0161u, lai gan nevar paredz\u0113t, kas notiks aiz n\u0101kam\u0101 st\u016bra . Programma sast\u0101v no 15 film\u0101m, kas izr\u0101d\u012btas un godalgotas pasaules presti\u017e\u0101kajos kinofestiv\u0101los, tostarp Berl\u012bn\u0113, Kann\u0101s un Ven\u0113cij\u0101 .<\/p>\n<p>Starptautiski nov\u0113rt\u0113tas filmas un &#8220;Oskara&#8221; kandid\u0101tes<\/p>\n<p>Festiv\u0101l\u0101 iek\u013cautas vair\u0101kas filmas, kas sa\u0146\u0113mu\u0161as noz\u012bm\u012bgu starptautisku atzin\u012bbu un ir potenci\u0101las &#8220;Oskara&#8221; balvas kandid\u0101tes . Piem\u0113ram, dr\u0101ma &#8220;Sir\u0101ts&#8221; (Sir\u0101t) ir nomin\u0113ta diviem &#8220;Zelta globusiem&#8221; k\u0101 lab\u0101k\u0101 \u0101rvalstu filma un par lab\u0101ko ska\u0146u . T\u0101pat piecas festiv\u0101la filmas izvirz\u012btas &#8220;Oskara&#8221; nomin\u0101cijai kategorij\u0101 &#8220;Lab\u0101k\u0101 starptautisk\u0101 pilnmetr\u0101\u017eas filma&#8221;, tai skait\u0101 V\u0101cijas pieteikums &#8220;L\u016bkojoties saul\u0113&#8221; (In die Sonne schauen), Kolumbijas darbs &#8220;Dzejdaris&#8221; (Un poeta) un Zviedrijas filma &#8220;Republikas \u0113rg\u013ci&#8221; (Eagles of the Republic) . Gabri\u0113la Maskara dr\u0101ma &#8220;Bezgal\u012bg\u0101 zilgme&#8221;, kas ieguvusi &#8220;Sudraba l\u0101ci&#8221; Berl\u012bnes kinofestiv\u0101l\u0101, atkl\u0101j \u0161\u012b gada festiv\u0101lu un met izaicin\u0101jumu stereotipiem par vecu cilv\u0113ku dump\u012bgo dabu .<\/p>\n<p>Festiv\u0101la norises vietas un programma<\/p>\n<p>M\u016bsdienu filmu festiv\u0101ls &#8220;L\u0101cis, lauva un zars&#8221; norisin\u0101s no 16. l\u012bdz 25. janv\u0101rim vair\u0101kos kinote\u0101tros Latvij\u0101 . R\u012bg\u0101 filmas demonstr\u0113s &#8220;Splendid Palace&#8221; un &#8220;Kino Bize&#8221;, k\u0101 ar\u012b &#8220;Forum Cinemas&#8221; un &#8220;Cinamon Akropole Alfa&#8221;. \u0100rpus galvaspils\u0113tas filmas b\u016bs skat\u0101mas &#8220;Kino C\u0113sis&#8221; un &#8220;Cinamon Balle Liep\u0101j\u0101&#8221; . Festiv\u0101la programma sadal\u012bta \u010detr\u0101s tematiskaj\u0101s grup\u0101s: &#8220;Vi\u0146pus realit\u0101tes&#8221;, &#8220;Atspulgi&#8221;, &#8220;Baltie zvirbu\u013ci&#8221; un &#8220;(Ne)person\u012bg\u0101s lietas&#8221; .<\/p>\n<p>Festiv\u0101la m\u0113r\u0137is un v\u0113rt\u012bbas<\/p>\n<p>Festiv\u0101la &#8220;L\u0101cis, lauva un zars&#8221; direktore Giedre Krik\u0161\u010d\u016bnaite uzsver, ka tas ir festiv\u0101ls, kas velt\u012bts autorkino un festiv\u0101lu garam, nevis komerci\u0101lajai produkcijai . Vi\u0146a cen\u0161as att\u012bst\u012bt skat\u012bt\u0101ju gaumi, pied\u0101v\u0101jot ko vair\u0101k par ierasto un veicinot progres\u012bv\u0101ku publiku, atsaucoties uz pag\u0101tnes pieredzi ar festiv\u0101lu &#8220;Arsen\u0101ls&#8221; devi\u0146desmitajos gados . Festiv\u0101lam nosaukumu devu\u0161as presti\u017e\u0101ko pasaules kinosacens\u012bbu balvas \u2013 Berlin\u0101les &#8220;L\u0101cis&#8221;, Ven\u0113cijas &#8220;Lauva&#8221; un Kannu &#8220;Zars&#8221; .<\/p>\n","protected":false},"excerpt":{"rendered":"Festiv\u0101ls atkl\u0101ts ar Gabrielu Maskaru filmu \u0160o piektdien, 16. janv\u0101r\u012b, ar Gabrielu Maskaru filmu &#8220;Bezgal\u012bg\u0101 zilgme&#8221; kinote\u0101tros Latvij\u0101&hellip;\n","protected":false},"author":2,"featured_media":105966,"comment_status":"","ping_status":"","sticky":false,"template":"","format":"standard","meta":{"footnotes":""},"categories":[19],"tags":[25337,89,25336,90,1226,1227,35,39,38,36,37,34,22698,40],"class_list":{"0":"post-105965","1":"post","2":"type-post","3":"status-publish","4":"format-standard","5":"has-post-thumbnail","7":"category-izklaide","8":"tag-cels-paveras-ejot","9":"tag-entertainment","10":"tag-filmu-festivals","11":"tag-izklaide","12":"tag-kino","13":"tag-lacis","14":"tag-latvia","15":"tag-latvian","16":"tag-latviesu","17":"tag-latviesu-valoda","18":"tag-latviesuvaloda","19":"tag-latvija","20":"tag-lauva-un-zars","21":"tag-lv"},"share_on_mastodon":{"url":"https:\/\/pubeurope.com\/@lv\/115901615641159634","error":""},"_links":{"self":[{"href":"https:\/\/www.europesays.com\/lv\/wp-json\/wp\/v2\/posts\/105965","targetHints":{"allow":["GET"]}}],"collection":[{"href":"https:\/\/www.europesays.com\/lv\/wp-json\/wp\/v2\/posts"}],"about":[{"href":"https:\/\/www.europesays.com\/lv\/wp-json\/wp\/v2\/types\/post"}],"author":[{"embeddable":true,"href":"https:\/\/www.europesays.com\/lv\/wp-json\/wp\/v2\/users\/2"}],"replies":[{"embeddable":true,"href":"https:\/\/www.europesays.com\/lv\/wp-json\/wp\/v2\/comments?post=105965"}],"version-history":[{"count":0,"href":"https:\/\/www.europesays.com\/lv\/wp-json\/wp\/v2\/posts\/105965\/revisions"}],"wp:featuredmedia":[{"embeddable":true,"href":"https:\/\/www.europesays.com\/lv\/wp-json\/wp\/v2\/media\/105966"}],"wp:attachment":[{"href":"https:\/\/www.europesays.com\/lv\/wp-json\/wp\/v2\/media?parent=105965"}],"wp:term":[{"taxonomy":"category","embeddable":true,"href":"https:\/\/www.europesays.com\/lv\/wp-json\/wp\/v2\/categories?post=105965"},{"taxonomy":"post_tag","embeddable":true,"href":"https:\/\/www.europesays.com\/lv\/wp-json\/wp\/v2\/tags?post=105965"}],"curies":[{"name":"wp","href":"https:\/\/api.w.org\/{rel}","templated":true}]}}