{"id":105967,"date":"2026-01-15T23:04:08","date_gmt":"2026-01-15T23:04:08","guid":{"rendered":"https:\/\/www.europesays.com\/lv\/105967\/"},"modified":"2026-01-15T23:04:08","modified_gmt":"2026-01-15T23:04:08","slug":"gints-narogs-kad-upuris-klust-par-vainigo-lasi-lv","status":"publish","type":"post","link":"https:\/\/www.europesays.com\/lv\/105967\/","title":{"rendered":"Gints Narogs: Kad upuris k\u013c\u016bst par vain\u012bgo &#8211; Lasi.lv"},"content":{"rendered":"<ol>\n<li><a href=\"https:\/\/news.google.com\/rss\/articles\/CBMiigFBVV95cUxPb3ZSdC1QOG81VEd0aEN0SzdNNFVrQ0diTUE1WG1rRVBRZm9uLVFnLV9SNkFKX09DWU5vaUtZREhDN2JRaDVqX2ttbnBVNWpnWVA5MjhSSWN2dHhVSVRqRlFpelhsWkdEaXZtandRMG1MTUpaMmRWa2lKR052SHMzYy1QVjRzUWY2S3c?oc=5\" target=\"_blank\" rel=\"nofollow noopener\">Gints Narogs: Kad upuris k\u013c\u016bst par vain\u012bgo<\/a>&nbsp;&nbsp;Lasi.lv<\/li>\n<li><a href=\"https:\/\/news.google.com\/rss\/articles\/CBMivwFBVV95cUxNNUxnYzR2RTh6akwyYUNJZ1RKbjc1UHoxcVJBZEE2NEVWOVhfWXNZV3oyMkYtczhLOU55UWtuN1NKLWJXSEdNYlRMYUxXdXRrZHFoWlROcl9uc2RHTVVHaENxSnk5X09yOXAtYk9DSEJNWDU4dUdEbmZRNzFiUUFsc1FrZ2p5bnJnRVpBazJuQ0o5WVJKSEJSVEhINmZLN0dDNFllV2UwVllXYnlQN1ZFdEhBU1BoY3EtNm1MRlZNVQ?oc=5\" target=\"_blank\" rel=\"nofollow noopener\">Raimonds Rudz\u0101ts: Skeletonisti t\u0101 ar\u012b palika vientu\u013ci sav\u0101 p\u0101rliec\u012bb\u0101\u2026<\/a>&nbsp;&nbsp;Delfi<\/li>\n<li><a href=\"https:\/\/news.google.com\/rss\/articles\/CBMioAFBVV95cUxNTGdWbUdQcGVlMmJabzlpOEl2cTJ3RzV4RnEtcFBRVU96LW1haTRCTks0NVFpbl9jZ3p5MHFLUDF3VGotOURMeW9QOFdDakRGRUpqRHQxNEZyY0FuZF8tbVFGTW5DX29fdEhXOHRwXzJ4T1BraUozelVpalA2MXMyaHJzeWtJbTJWS2ljYUlxcVFHN0tfWk93TWdPNENwTW1T?oc=5\" target=\"_blank\" rel=\"nofollow noopener\">&#8220;Kaut ko murgoja par neitralit\u0101ti.&#8221; \u0160teinbergs par protestu \u012agls\u0101 un OS kvalifik\u0101ciju \u2013 Ziemas sports<\/a>&nbsp;&nbsp;Sportacentrs.com<\/li>\n<li><a href=\"https:\/\/news.google.com\/rss\/articles\/CBMirAFBVV95cUxPUEN1dDRRTDdPdTBtY3NyTXd0a1FtTEh1V09nVzdISjRiN2E3a0lIbnpzTnJWbDlEZGRtVl82Yl83VWJ4ZGwtdWN0WGJiaXZDd1FqWUdsYUFVbHEyeURHYUlrNTk0TzFRY1doY1BXX3N3N0ZUOG5DcG9wLW13US1HaVl2VkpwSVpRYlVFUy0weVpCcldMNUJQekhYdGlnZTllVUFjVURTSWdHZnBK?oc=5\" target=\"_blank\" rel=\"nofollow noopener\">&#8220;Diezgan skumja un nepat\u012bkama p\u0113cgar\u0161a.&#8221; \u0160teinbergs atkl\u0101ti par protestu Austrij\u0101<\/a>&nbsp;&nbsp;Apollo.lv<\/li>\n<li><a href=\"https:\/\/news.google.com\/rss\/articles\/CBMisAFBVV95cUxQSThaTGNHdmV4TmZrNGhXUEZtbkFsT2thUC1GX2l0VWJ1RGxfM2FyWXFkUzFGVVAyU2RvQ1pMNWZBRFl2VEZTYmgzbjNaOWNteVdWWUxhTVBOWW1JbXhub1NsdHJpNzdydmVuUFhfMzBoQVgydEpwQ0NYQzhtc3BFUkgxX1dYNV91WnB3cW9HS1JhZDFZdGU5djU5VlQzSkhQU21UeklNNUdITGZuTmc0Sg?oc=5\" target=\"_blank\" rel=\"nofollow noopener\">Marta And\u017e\u0101ne otro dienu p\u0113c k\u0101rtas izc\u012bna otro vietu Eiropas kausa posm\u0101<\/a>&nbsp;&nbsp;Jauns.lv<\/li>\n<\/ol>\n","protected":false},"excerpt":{"rendered":"Gints Narogs: Kad upuris k\u013c\u016bst par vain\u012bgo&nbsp;&nbsp;Lasi.lv Raimonds Rudz\u0101ts: Skeletonisti t\u0101 ar\u012b palika vientu\u013ci sav\u0101 p\u0101rliec\u012bb\u0101\u2026&nbsp;&nbsp;Delfi &#8220;Kaut ko&hellip;\n","protected":false},"author":2,"featured_media":105968,"comment_status":"","ping_status":"","sticky":false,"template":"","format":"standard","meta":{"footnotes":""},"categories":[17],"tags":[35,39,38,36,37,34,40,67],"class_list":{"0":"post-105967","1":"post","2":"type-post","3":"status-publish","4":"format-standard","5":"has-post-thumbnail","7":"category-sports","8":"tag-latvia","9":"tag-latvian","10":"tag-latviesu","11":"tag-latviesu-valoda","12":"tag-latviesuvaloda","13":"tag-latvija","14":"tag-lv","15":"tag-sports"},"share_on_mastodon":{"url":"https:\/\/pubeurope.com\/@lv\/115901619463498171","error":""},"_links":{"self":[{"href":"https:\/\/www.europesays.com\/lv\/wp-json\/wp\/v2\/posts\/105967","targetHints":{"allow":["GET"]}}],"collection":[{"href":"https:\/\/www.europesays.com\/lv\/wp-json\/wp\/v2\/posts"}],"about":[{"href":"https:\/\/www.europesays.com\/lv\/wp-json\/wp\/v2\/types\/post"}],"author":[{"embeddable":true,"href":"https:\/\/www.europesays.com\/lv\/wp-json\/wp\/v2\/users\/2"}],"replies":[{"embeddable":true,"href":"https:\/\/www.europesays.com\/lv\/wp-json\/wp\/v2\/comments?post=105967"}],"version-history":[{"count":0,"href":"https:\/\/www.europesays.com\/lv\/wp-json\/wp\/v2\/posts\/105967\/revisions"}],"wp:featuredmedia":[{"embeddable":true,"href":"https:\/\/www.europesays.com\/lv\/wp-json\/wp\/v2\/media\/105968"}],"wp:attachment":[{"href":"https:\/\/www.europesays.com\/lv\/wp-json\/wp\/v2\/media?parent=105967"}],"wp:term":[{"taxonomy":"category","embeddable":true,"href":"https:\/\/www.europesays.com\/lv\/wp-json\/wp\/v2\/categories?post=105967"},{"taxonomy":"post_tag","embeddable":true,"href":"https:\/\/www.europesays.com\/lv\/wp-json\/wp\/v2\/tags?post=105967"}],"curies":[{"name":"wp","href":"https:\/\/api.w.org\/{rel}","templated":true}]}}