{"id":105990,"date":"2026-01-16T00:32:26","date_gmt":"2026-01-16T00:32:26","guid":{"rendered":"https:\/\/www.europesays.com\/lv\/105990\/"},"modified":"2026-01-16T00:32:26","modified_gmt":"2026-01-16T00:32:26","slug":"silina-saeima-izturejusi-kartejo-neuzticibas-balsojumu","status":"publish","type":"post","link":"https:\/\/www.europesays.com\/lv\/105990\/","title":{"rendered":"Sili\u0146a Saeim\u0101 iztur\u0113jusi k\u0101rt\u0113jo neuztic\u012bbas balsojumu"},"content":{"rendered":"<p>&#8220;M\u0113r\u0137tiec\u012bgi str\u0101d\u0101jam, lai latvie\u0161u valoda tiktu lietota,&#8221; turpin\u0101ja premjere.<\/p>\n<p>Nosl\u0113dzot runu, Sili\u0146a aicin\u0101ja deput\u0101tus neatbalst\u012bt demisijas piepras\u012bjumu, k\u0101 ar\u012b pateic\u0101s parlament\u0101rie\u0161iem par paveikto latvie\u0161u valodas stiprin\u0101\u0161an\u0101, tostarp deput\u0101tiem no opoz\u012bcijas.<\/p>\n<p>&#8220;Jaun\u0101s vienot\u012bbas&#8221; Saeimas frakcijas vad\u012bt\u0101js Edmunds Jur\u0113vics debat\u0113s nor\u0101d\u012bja, ka \u0161is ir priek\u0161v\u0113l\u0113\u0161anu gads, t\u0101p\u0113c, visticam\u0101k, gaid\u0101mi daudzi demisijas piepras\u012bjumi premjerei.<\/p>\n<p>&#8220;Priek\u0161v\u0113l\u0113\u0161anu laik\u0101 to var saprast,&#8221; teica Jur\u0113vics un atsauc\u0101s uz iepriek\u0161\u0113jiem demisiju piepras\u012bjumiem no opoz\u012bcijas parlament\u0101rie\u0161iem, uzsverot, ka tie biju\u0161i nepamatoti.<\/p>\n<p>Jur\u0113vics uzsv\u0113ra, ka Sili\u0146as laik\u0101 ir izdar\u012bts daudz, lai sp\u0113cin\u0101tu valsts valodu sabiedr\u012bb\u0101 un medijos.<\/p>\n<p>&#8220;Valoda \u0161aj\u0101 Saeim\u0101 un vald\u012bb\u0101 ir stiprin\u0101ta \u013coti daudz,&#8221; teica Jur\u0113vics, piebilstot gan, ka v\u0113l ir lietas, kuras ir dar\u0101mas valodas stiprin\u0101\u0161an\u0101.<\/p>\n<p>Jur\u0113vics aicin\u0101ja parlament\u0101rie\u0161us &#8220;nepolitiz\u0113t valsts valodu&#8221;, ta\u010du kop\u012bgi str\u0101d\u0101t, lai valsts to sp\u0113cin\u0101tu. Vi\u0146\u0161 sprieda, ka populistiskie sp\u0113ki to vien tik gaida, lai valstiskie sp\u0113ki sav\u0101 starp\u0101 str\u012bd\u0113tos, tostarp valodas jaut\u0101jum\u0101.<\/p>\n","protected":false},"excerpt":{"rendered":"&#8220;M\u0113r\u0137tiec\u012bgi str\u0101d\u0101jam, lai latvie\u0161u valoda tiktu lietota,&#8221; turpin\u0101ja premjere. Nosl\u0113dzot runu, Sili\u0146a aicin\u0101ja deput\u0101tus neatbalst\u012bt demisijas piepras\u012bjumu, k\u0101&hellip;\n","protected":false},"author":2,"featured_media":103983,"comment_status":"","ping_status":"","sticky":false,"template":"","format":"standard","meta":{"footnotes":""},"categories":[5],"tags":[23,28,29,1249,32,33,22,30,31,35,39,38,36,37,34,40,20,26,27,141,24,25,21],"class_list":{"0":"post-105990","1":"post","2":"type-post","3":"status-publish","4":"format-standard","5":"has-post-thumbnail","7":"category-aktualitates","8":"tag-aktualitates","9":"tag-breaking-news","10":"tag-breakingnews","11":"tag-evika-silina","12":"tag-featured-news","13":"tag-featurednews","14":"tag-headlines","15":"tag-latest-news","16":"tag-latestnews","17":"tag-latvia","18":"tag-latvian","19":"tag-latviesu","20":"tag-latviesu-valoda","21":"tag-latviesuvaloda","22":"tag-latvija","23":"tag-lv","24":"tag-news","25":"tag-popularakas-zinas","26":"tag-popularakaszinas","27":"tag-saeima","28":"tag-top-stories","29":"tag-topstories","30":"tag-zinas"},"share_on_mastodon":{"url":"https:\/\/pubeurope.com\/@lv\/115901965450506471","error":""},"_links":{"self":[{"href":"https:\/\/www.europesays.com\/lv\/wp-json\/wp\/v2\/posts\/105990","targetHints":{"allow":["GET"]}}],"collection":[{"href":"https:\/\/www.europesays.com\/lv\/wp-json\/wp\/v2\/posts"}],"about":[{"href":"https:\/\/www.europesays.com\/lv\/wp-json\/wp\/v2\/types\/post"}],"author":[{"embeddable":true,"href":"https:\/\/www.europesays.com\/lv\/wp-json\/wp\/v2\/users\/2"}],"replies":[{"embeddable":true,"href":"https:\/\/www.europesays.com\/lv\/wp-json\/wp\/v2\/comments?post=105990"}],"version-history":[{"count":0,"href":"https:\/\/www.europesays.com\/lv\/wp-json\/wp\/v2\/posts\/105990\/revisions"}],"wp:featuredmedia":[{"embeddable":true,"href":"https:\/\/www.europesays.com\/lv\/wp-json\/wp\/v2\/media\/103983"}],"wp:attachment":[{"href":"https:\/\/www.europesays.com\/lv\/wp-json\/wp\/v2\/media?parent=105990"}],"wp:term":[{"taxonomy":"category","embeddable":true,"href":"https:\/\/www.europesays.com\/lv\/wp-json\/wp\/v2\/categories?post=105990"},{"taxonomy":"post_tag","embeddable":true,"href":"https:\/\/www.europesays.com\/lv\/wp-json\/wp\/v2\/tags?post=105990"}],"curies":[{"name":"wp","href":"https:\/\/api.w.org\/{rel}","templated":true}]}}