{"id":105991,"date":"2026-01-16T00:34:11","date_gmt":"2026-01-16T00:34:11","guid":{"rendered":"https:\/\/www.europesays.com\/lv\/105991\/"},"modified":"2026-01-16T00:34:11","modified_gmt":"2026-01-16T00:34:11","slug":"porzingis-turpina-arstet-traumu-nespeles-ari-nakamaja-hawks-spele-pret-trail-blazers-jauns-lv","status":"publish","type":"post","link":"https:\/\/www.europesays.com\/lv\/105991\/","title":{"rendered":"Porzi\u0146\u0123is turpina \u0101rst\u0113t traumu, nesp\u0113l\u0113s ar\u012b n\u0101kamaj\u0101 &quot;Hawks&quot; sp\u0113l\u0113 pret &quot;Trail Blazers&quot; &#8211; Jauns.lv"},"content":{"rendered":"<ol>\n<li><a href=\"https:\/\/news.google.com\/rss\/articles\/CBMivwFBVV95cUxNNjNobWxWM1ByUU5WUWI2aHdoT1BYbVJiMklPNFp2OWZQeUxJYnR5Ri1qaFV1TmxHbHpOV1JnRi10MmRWVzdiYmx4WUR6U0NNVERXaXRVZzhnQ3lVcE5FNEhlZHdCUEFTQVZJMzhtVVZCYWJyRXp6b2FoU192YjJ2VjJnTlNoZ3pFbk5nSnNqbnZlYXJnQjgwRmt3Wm5qaVI5bWxkT0tPWnBnbWhGb2E1WDB0QloyVTNyT2tmNEtPMA?oc=5\" target=\"_blank\" rel=\"nofollow noopener\">Porzi\u0146\u0123is turpina \u0101rst\u0113t traumu, nesp\u0113l\u0113s ar\u012b n\u0101kamaj\u0101 &#8220;Hawks&#8221; sp\u0113l\u0113 pret &#8220;Trail Blazers&#8221;<\/a>&nbsp;&nbsp;Jauns.lv<\/li>\n<li><a href=\"https:\/\/news.google.com\/rss\/articles\/CBMisAFBVV95cUxNenJFU0F0dDFiM3Rqa09ickpaMnMzV3BQVUVCUUxndEtJVXB2ODdIN1NuVlM4OVFvRzJIdVNwRWlNckI5X2pfSXR6aGQ4M3FZUGxxT2wyWFNWWjBFMURRUTJtczI0VF9tLVBtSDB4THdlaEFvQ0ZRd3BEUER1dloxYXRKU01XQ0p5QVFIQmtlYXhBUzhGLWxXSmJkVlpqTEV4dFd4dHhfNEpidXpwSHpweg?oc=5\" target=\"_blank\" rel=\"nofollow noopener\">D\u017eeimss un Don\u010di\u010ds neatst\u0101j &#8220;Hawks&#8221; cer\u012bbas uz pan\u0101kumu<\/a>&nbsp;&nbsp;Delfi<\/li>\n<li><a href=\"https:\/\/news.google.com\/rss\/articles\/CBMifkFVX3lxTE80dnNNbXF6WE5TNzNoT21JWWpjV1IyeXlCOXpEcDhzbjl6b3VKM196R0k4WnlzejJFUFhIRUI4SWVESTZYWW0xMzNDOUhHOTdyaHpjSWFybU9YclFVeDE5ZDJBXzlFZVdiZTdtSlZRV1ZlTEhqTDhqZ0FLaWRGZw?oc=5\" target=\"_blank\" rel=\"nofollow noopener\">Porzi\u0146\u0123is izlaid\u012bs k\u0101rt\u0113jo sp\u0113li p\u0113c k\u0101rtas<\/a>&nbsp;&nbsp;Apollo.lv<\/li>\n<li><a href=\"https:\/\/news.google.com\/rss\/articles\/CBMifkFVX3lxTE5jYzhmUUdNNFJvbUtKemxteEtaZy1HNVJGaEFWYkYxVEJ4cWdfeXA5MUplbjFtQU4zY0ZsZWhadkJoZ3BFM2JuNTZYVW5LSzhWNXAzLVFHQ25UN1VUb1RRSXVNNDVwaWJraEZLTmpaVkx4SUVPbER0b2RNbUs4dw?oc=5\" target=\"_blank\" rel=\"nofollow noopener\">&#8220;Hawks&#8221; bez Porzi\u0146\u0123a atz\u012bst &#8220;Lakers&#8221; p\u0101r\u0101kumu<\/a>&nbsp;&nbsp;TVNET Sports<\/li>\n<li><a href=\"https:\/\/news.google.com\/rss\/articles\/CBMikAFBVV95cUxPVllma2VOVHRRblFUUGVxZjVrRDhYbGsyR0VQN1I5cXN5VmJFelZJYjBvZDJlU1haRlFxQWVPZzlCLUtIWUIyVUtGUS1abVlaZzdCZnpLUHotbUhXUkFVWHp0U0tVUEdWZEtvZFlkcmhQWHgzM1ZGc3c4U25RRjg4VDE0NVJGUFNEbHdvUDNZTUc?oc=5\" target=\"_blank\" rel=\"nofollow noopener\">&#8220;Hawks&#8221; nesp\u0113j aptur\u0113t Lebronu un Don\u010di\u010du, kapitul\u0113jot &#8220;Lakers&#8221;<\/a>&nbsp;&nbsp;Sportazinas.com<\/li>\n<\/ol>\n","protected":false},"excerpt":{"rendered":"Porzi\u0146\u0123is turpina \u0101rst\u0113t traumu, nesp\u0113l\u0113s ar\u012b n\u0101kamaj\u0101 &#8220;Hawks&#8221; sp\u0113l\u0113 pret &#8220;Trail Blazers&#8221;&nbsp;&nbsp;Jauns.lv D\u017eeimss un Don\u010di\u010ds neatst\u0101j &#8220;Hawks&#8221; cer\u012bbas&hellip;\n","protected":false},"author":2,"featured_media":105992,"comment_status":"","ping_status":"","sticky":false,"template":"","format":"standard","meta":{"footnotes":""},"categories":[17],"tags":[35,39,38,36,37,34,40,67],"class_list":{"0":"post-105991","1":"post","2":"type-post","3":"status-publish","4":"format-standard","5":"has-post-thumbnail","7":"category-sports","8":"tag-latvia","9":"tag-latvian","10":"tag-latviesu","11":"tag-latviesu-valoda","12":"tag-latviesuvaloda","13":"tag-latvija","14":"tag-lv","15":"tag-sports"},"share_on_mastodon":{"url":"https:\/\/pubeurope.com\/@lv\/115901973330209270","error":""},"_links":{"self":[{"href":"https:\/\/www.europesays.com\/lv\/wp-json\/wp\/v2\/posts\/105991","targetHints":{"allow":["GET"]}}],"collection":[{"href":"https:\/\/www.europesays.com\/lv\/wp-json\/wp\/v2\/posts"}],"about":[{"href":"https:\/\/www.europesays.com\/lv\/wp-json\/wp\/v2\/types\/post"}],"author":[{"embeddable":true,"href":"https:\/\/www.europesays.com\/lv\/wp-json\/wp\/v2\/users\/2"}],"replies":[{"embeddable":true,"href":"https:\/\/www.europesays.com\/lv\/wp-json\/wp\/v2\/comments?post=105991"}],"version-history":[{"count":0,"href":"https:\/\/www.europesays.com\/lv\/wp-json\/wp\/v2\/posts\/105991\/revisions"}],"wp:featuredmedia":[{"embeddable":true,"href":"https:\/\/www.europesays.com\/lv\/wp-json\/wp\/v2\/media\/105992"}],"wp:attachment":[{"href":"https:\/\/www.europesays.com\/lv\/wp-json\/wp\/v2\/media?parent=105991"}],"wp:term":[{"taxonomy":"category","embeddable":true,"href":"https:\/\/www.europesays.com\/lv\/wp-json\/wp\/v2\/categories?post=105991"},{"taxonomy":"post_tag","embeddable":true,"href":"https:\/\/www.europesays.com\/lv\/wp-json\/wp\/v2\/tags?post=105991"}],"curies":[{"name":"wp","href":"https:\/\/api.w.org\/{rel}","templated":true}]}}