{"id":105995,"date":"2026-01-16T00:46:25","date_gmt":"2026-01-16T00:46:25","guid":{"rendered":"https:\/\/www.europesays.com\/lv\/105995\/"},"modified":"2026-01-16T00:46:25","modified_gmt":"2026-01-16T00:46:25","slug":"grantina-divniekam-dalita-tresa-vieta-eiropas-kausa-jauns-lv","status":"publish","type":"post","link":"https:\/\/www.europesays.com\/lv\/105995\/","title":{"rendered":"Granti\u0146a divniekam dal\u012bta tre\u0161\u0101 vieta Eiropas kaus\u0101 &#8211; Jauns.lv"},"content":{"rendered":"<ol>\n<li><a href=\"https:\/\/news.google.com\/rss\/articles\/CBMikwFBVV95cUxQeUtnUWtoUzVwRkpfX3hDNTE4Y2x5RnNUSzUyam5mUzFWc2RjbkNBTWRXelFzb0RQTm5yM0kxOHRIWjJpNVJWTDF5M1ZNVDVmWEdWbVlFMEZwNThILTByaEFMY2ZfdUh5WTQwQ3BTc0UteWZ1SWxmdGxKd3NaTm1zWUQ2M3RJNk5WVlRrTU9JRlhSbmM?oc=5\" target=\"_blank\" rel=\"nofollow noopener\">Granti\u0146a divniekam dal\u012bta tre\u0161\u0101 vieta Eiropas kaus\u0101<\/a>&nbsp;&nbsp;Jauns.lv<\/li>\n<li><a href=\"https:\/\/news.google.com\/rss\/articles\/CBMinwFBVV95cUxPYUtHWFM2N3Z1MEh6Q0pmWktMRUIzMW9sbkFjalJ3YzA3NWpvTVExOE5PTDhRNzJPLUxQaTFyVi10YzUyQ1hjRW5hNURRWkhta284blNfZDZOclBlUjJrSU9OaTZEQTNaUlRhMG5OMmFiRlJKa0ZkSnlubWwxcG9xbndZMElJeGxkSk43NUNWZl9wbldkcXhjRTFnN2ZjNjQ?oc=5\" target=\"_blank\" rel=\"nofollow noopener\">Granti\u0146a divniekam v\u0113l viens labs posms Eiropas kaus\u0101, domin\u0113 v\u0101cie\u0161i \u2013 Ziemas sports<\/a>&nbsp;&nbsp;Sportacentrs.com<\/li>\n<li><a href=\"https:\/\/news.google.com\/rss\/articles\/CBMiqAFBVV95cUxPSjhTT0lFTWJ4TUwwMmIwOG9Yb3I3dWRlNnhxMWItUFNoRGlnVUpQWUE0aEJpaHdiT1hnMW44a2hCUFFhbVJ1RHg4RV80c0lGUHpEWV9rNnowRGs1VnZWMm1zRlE4VE1vblFmYnFUbmk1bTQ0dzNCZm50VlpjRUM2SklnellDS1RjN1FPekpJUkpLZnJnRWxxNjV1bnFoS0VPRkVlNzdxOGw?oc=5\" target=\"_blank\" rel=\"nofollow noopener\">Granti\u0146a divniekam dal\u012bta tre\u0161\u0101 vieta Eiropas kausa Insbrukas posm\u0101<\/a>&nbsp;&nbsp;Jauns.lv<\/li>\n<li><a href=\"https:\/\/news.google.com\/rss\/articles\/CBMiugFBVV95cUxPNGZ1S1M3VnFxZFFUVGVJZlNKTzNtVjZtRXBHS1l1QjZYTnRxODBLeFJMQ19YY3pfVTd4VU9WWm9lb203NEJPcjFxWWlxamtYdVlrOElPOXB4SkdvSXVCeUdyOWVYNmM2Wk9wdzV0YXJ0aGFFd3YxaFVjR0xseHBKM1FDb2VpTi0xUjF2aHRXZGtfTG9CT3FKUVltS3NnVE9yRFJhb3NYU014M0VjM0M0NC15elVVbEFQR3c?oc=5\" target=\"_blank\" rel=\"nofollow noopener\">Granti\u0146\u0161 ar st\u016bm\u0113ju Kaufmani Insbruk\u0101 ie\u0146em dal\u012btu tre\u0161o vietu Eiropas kaus\u0101<\/a>&nbsp;&nbsp;Inbox.lv<\/li>\n<li><a href=\"https:\/\/news.google.com\/rss\/articles\/CBMinwFBVV95cUxObzBmVEUtejRySmlZVTJRX0xXRmJUMUZMZDF6UzA3VXFscEgtdENJYi1fV3dheGJRWUh1a1JmS1hYdnE1Qlc2c2lFS25iRXdXRXMySmJ4U3YxM1dSdDZqRVVYUlJCSkh2dWdBUEctbWc5OFY5QmozeHJzZW5BU2VtQVNKZndKUGQyUUs1WFdkT1hIZXhST1hVMkRxcUN0RjA?oc=5\" target=\"_blank\" rel=\"nofollow noopener\">Granti\u0146a divnieks par simtda\u013cu apsteidz piekto vietu un iebrauc meda\u013c\u0101s Insbruk\u0101 \u2013 Ziemas sports<\/a>&nbsp;&nbsp;Sportacentrs.com<\/li>\n<\/ol>\n","protected":false},"excerpt":{"rendered":"Granti\u0146a divniekam dal\u012bta tre\u0161\u0101 vieta Eiropas kaus\u0101&nbsp;&nbsp;Jauns.lv Granti\u0146a divniekam v\u0113l viens labs posms Eiropas kaus\u0101, domin\u0113 v\u0101cie\u0161i \u2013&hellip;\n","protected":false},"author":2,"featured_media":105996,"comment_status":"","ping_status":"","sticky":false,"template":"","format":"standard","meta":{"footnotes":""},"categories":[17],"tags":[35,39,38,36,37,34,40,67],"class_list":{"0":"post-105995","1":"post","2":"type-post","3":"status-publish","4":"format-standard","5":"has-post-thumbnail","7":"category-sports","8":"tag-latvia","9":"tag-latvian","10":"tag-latviesu","11":"tag-latviesu-valoda","12":"tag-latviesuvaloda","13":"tag-latvija","14":"tag-lv","15":"tag-sports"},"share_on_mastodon":{"url":"https:\/\/pubeurope.com\/@lv\/115902020477170661","error":""},"_links":{"self":[{"href":"https:\/\/www.europesays.com\/lv\/wp-json\/wp\/v2\/posts\/105995","targetHints":{"allow":["GET"]}}],"collection":[{"href":"https:\/\/www.europesays.com\/lv\/wp-json\/wp\/v2\/posts"}],"about":[{"href":"https:\/\/www.europesays.com\/lv\/wp-json\/wp\/v2\/types\/post"}],"author":[{"embeddable":true,"href":"https:\/\/www.europesays.com\/lv\/wp-json\/wp\/v2\/users\/2"}],"replies":[{"embeddable":true,"href":"https:\/\/www.europesays.com\/lv\/wp-json\/wp\/v2\/comments?post=105995"}],"version-history":[{"count":0,"href":"https:\/\/www.europesays.com\/lv\/wp-json\/wp\/v2\/posts\/105995\/revisions"}],"wp:featuredmedia":[{"embeddable":true,"href":"https:\/\/www.europesays.com\/lv\/wp-json\/wp\/v2\/media\/105996"}],"wp:attachment":[{"href":"https:\/\/www.europesays.com\/lv\/wp-json\/wp\/v2\/media?parent=105995"}],"wp:term":[{"taxonomy":"category","embeddable":true,"href":"https:\/\/www.europesays.com\/lv\/wp-json\/wp\/v2\/categories?post=105995"},{"taxonomy":"post_tag","embeddable":true,"href":"https:\/\/www.europesays.com\/lv\/wp-json\/wp\/v2\/tags?post=105995"}],"curies":[{"name":"wp","href":"https:\/\/api.w.org\/{rel}","templated":true}]}}