{"id":105997,"date":"2026-01-16T00:48:20","date_gmt":"2026-01-16T00:48:20","guid":{"rendered":"https:\/\/www.europesays.com\/lv\/105997\/"},"modified":"2026-01-16T00:48:20","modified_gmt":"2026-01-16T00:48:20","slug":"zelenskis-izsludina-arkartejo-situaciju-energetika-2","status":"publish","type":"post","link":"https:\/\/www.europesays.com\/lv\/105997\/","title":{"rendered":"Zelenskis izsludina \u0101rk\u0101rt\u0113jo situ\u0101ciju ener\u0123\u0113tik\u0101"},"content":{"rendered":"<p class=\"lead\">\n                                Ukrainas prezidents Volodimirs Zelenskis ir izsludin\u0101jis \u0101rk\u0101rt\u0113jo situ\u0101ciju valsts ener\u0123\u0113tik\u0101, t\u0101 rea\u0123\u0113jot uz Krievijas ra\u0137e\u0161u un dronu triecieniem, kuros p\u0113d\u0113j\u0101 laik\u0101 nodar\u012bti lieli post\u012bjumi Ukrainas ener\u0123\u0113tikas infrastrukt\u016brai.\n                            <\/p>\n<p>\u012apa\u0161i lielas probl\u0113mas v\u0113rojamas galvaspils\u0113t\u0101 Kijiv\u0101. &#8220;Tiks izveidots past\u0101v\u012bgs koordin\u0101cijas \u0161t\u0101bs, lai risin\u0101tu situ\u0101ciju Kijiv\u0101. Kopum\u0101 Ukrainas ener\u0123\u0113tikas nozar\u0113 tiks izsludin\u0101ts \u0101rk\u0101rt\u0113jais st\u0101voklis,&#8221; pazi\u0146oja prezidents.\u00a0<\/p>\n<p>Zelenskis pauda, ka Krievija izmanto bargo ziemu k\u0101 kara strat\u0113\u0123iju, lai v\u0113rstos pret Ukrainas civiliedz\u012bvot\u0101jiem. Krievijas triecienos 13. janv\u0101ra nakt\u012b uz laiku bez elektroapg\u0101des palika aptuveni 70% Kijivas iedz\u012bvot\u0101ju.<\/p>\n<p> Aptauja <\/p>\n<p> Vai Vladimirs Putins var\u0113tu izmantot kodoliero\u010dus? <\/p>\n<p>KONTEKSTS<\/p>\n<p>2022. gada 24. febru\u0101r\u012b Krievijas diktators Vladimirs Putins deva pav\u0113li iebrukt\u00a0Ukrain\u0101. Putins apgalvoja, ka NATO gatavojas izmantot Ukrainu k\u0101 placdarmu agresijai pret Krieviju, lai gan \u0161iem apgalvojumiem nebija\u00a0pier\u0101d\u012bjumu. Starptautisk\u0101 krimin\u0101ltiesa (SKT) 2023. gada mart\u0101 izdeva Putina aresta orderi par nelikum\u012bgu ukrai\u0146u b\u0113rnu deport\u0101ciju no okup\u0113taj\u0101m teritorij\u0101m Ukrain\u0101.\u00a0<\/p>\n<p><img decoding=\"async\" src=\"https:\/\/www.europesays.com\/lv\/wp-content\/uploads\/2025\/12\/202311151406496554b459d746c.jpg\" alt=\"Ukrainas atbalst\u012bt\u0101ji nezaud\u0113 tic\u012bbu, ka ukrai\u0146i v\u0113l ir ce\u013c\u0101 uz uzvaru un agri vai v\u0113lu Krievijas okupantu armijai n\u0101ksies atk\u0101pties no Ukrainas zemes.\" loading=\"lazy\"\/><\/p>\n<p class=\"paragraph-muted\">Izv\u0113lies savu soct\u012bklu platformu, lai sekotu LASI.LV: <a href=\"https:\/\/www.facebook.com\/portals.lasi.lv\" target=\"_blank\" rel=\"noopener noreferrer nofollow\">Facebook<\/a>, <a href=\"https:\/\/twitter.com\/lasilvportals\" target=\"_blank\" rel=\"noopener noreferrer nofollow\">X<\/a>, <a href=\"https:\/\/bsky.app\/profile\/lasilv.bsky.social\" target=\"_blank\" rel=\"noopener noreferrer nofollow\">Bluesky<\/a>, <a href=\"https:\/\/www.draugiem.lv\/lasilv\/?pg=4\" target=\"_blank\" rel=\"noopener noreferrer nofollow\">Draugiem<\/a> vai ar\u012b <a href=\"https:\/\/www.instagram.com\/lasilv_zinas\/\" target=\"_blank\" rel=\"noopener noreferrer nofollow\">Instagram<\/a>. Pievienojies m\u016bsu las\u012bt\u0101ju pulkam, lai sa\u0146emtu \u012bpa\u0161i tev atlas\u012btu noder\u012bgu, praktisku un aktu\u0101lu saturu.\u00a0<\/p>\n<p style=\"margin-left:auto;\">Pieraksties LASI.LV redaktora v\u0113stkopai <a href=\"https:\/\/lasi.lv\/vestkopa\/lasi-lv-galvena-redaktora-vestkopa\" rel=\"nofollow noopener\" target=\"_blank\">\u0161eit<\/a>.<\/p>\n<p style=\"margin-left:auto;\">Pieraksties un reizi ned\u0113\u013c\u0101 sa\u0146em padzi\u013cin\u0101tu LASI.LV galven\u0101 redaktora aktu\u0101lo zi\u0146u, kompetentu viedok\u013cu un interesant\u0101ko interviju apkopojumu.<\/p>\n<p><script async src=\"https:\/\/platform.twitter.com\/widgets.js\" charset=\"utf-8\"><\/script><script async src=\"\/\/www.instagram.com\/embed.js\"><\/script><\/p>\n","protected":false},"excerpt":{"rendered":"Ukrainas prezidents Volodimirs Zelenskis ir izsludin\u0101jis \u0101rk\u0101rt\u0113jo situ\u0101ciju valsts ener\u0123\u0113tik\u0101, t\u0101 rea\u0123\u0113jot uz Krievijas ra\u0137e\u0161u un dronu triecieniem,&hellip;\n","protected":false},"author":2,"featured_media":105894,"comment_status":"","ping_status":"","sticky":false,"template":"","format":"standard","meta":{"footnotes":""},"categories":[14],"tags":[23,57,28,29,32,33,22,30,31,35,39,38,36,37,34,40,20,26,27,24,25,54,55,56,21,58],"class_list":{"0":"post-105997","1":"post","2":"type-post","3":"status-publish","4":"format-standard","5":"has-post-thumbnail","7":"category-zinas-no-arvalstim","8":"tag-aktualitates","9":"tag-arvalstim","10":"tag-breaking-news","11":"tag-breakingnews","12":"tag-featured-news","13":"tag-featurednews","14":"tag-headlines","15":"tag-latest-news","16":"tag-latestnews","17":"tag-latvia","18":"tag-latvian","19":"tag-latviesu","20":"tag-latviesu-valoda","21":"tag-latviesuvaloda","22":"tag-latvija","23":"tag-lv","24":"tag-news","25":"tag-popularakas-zinas","26":"tag-popularakaszinas","27":"tag-top-stories","28":"tag-topstories","29":"tag-world","30":"tag-world-news","31":"tag-worldnews","32":"tag-zinas","33":"tag-zinas-no-arvalstim"},"share_on_mastodon":{"url":"https:\/\/pubeurope.com\/@lv\/115902028458385672","error":""},"_links":{"self":[{"href":"https:\/\/www.europesays.com\/lv\/wp-json\/wp\/v2\/posts\/105997","targetHints":{"allow":["GET"]}}],"collection":[{"href":"https:\/\/www.europesays.com\/lv\/wp-json\/wp\/v2\/posts"}],"about":[{"href":"https:\/\/www.europesays.com\/lv\/wp-json\/wp\/v2\/types\/post"}],"author":[{"embeddable":true,"href":"https:\/\/www.europesays.com\/lv\/wp-json\/wp\/v2\/users\/2"}],"replies":[{"embeddable":true,"href":"https:\/\/www.europesays.com\/lv\/wp-json\/wp\/v2\/comments?post=105997"}],"version-history":[{"count":0,"href":"https:\/\/www.europesays.com\/lv\/wp-json\/wp\/v2\/posts\/105997\/revisions"}],"wp:featuredmedia":[{"embeddable":true,"href":"https:\/\/www.europesays.com\/lv\/wp-json\/wp\/v2\/media\/105894"}],"wp:attachment":[{"href":"https:\/\/www.europesays.com\/lv\/wp-json\/wp\/v2\/media?parent=105997"}],"wp:term":[{"taxonomy":"category","embeddable":true,"href":"https:\/\/www.europesays.com\/lv\/wp-json\/wp\/v2\/categories?post=105997"},{"taxonomy":"post_tag","embeddable":true,"href":"https:\/\/www.europesays.com\/lv\/wp-json\/wp\/v2\/tags?post=105997"}],"curies":[{"name":"wp","href":"https:\/\/api.w.org\/{rel}","templated":true}]}}