{"id":105998,"date":"2026-01-16T00:49:14","date_gmt":"2026-01-16T00:49:14","guid":{"rendered":"https:\/\/www.europesays.com\/lv\/105998\/"},"modified":"2026-01-16T00:49:14","modified_gmt":"2026-01-16T00:49:14","slug":"latgale-atklata-vel-viena-ar-starptautiskas-noziedzibas-tiklu-saistita-nelegala-cigaresu-razotne","status":"publish","type":"post","link":"https:\/\/www.europesays.com\/lv\/105998\/","title":{"rendered":"Latgal\u0113 atkl\u0101ta v\u0113l viena ar starptautiskas noziedz\u012bbas t\u012bklu saist\u012bta neleg\u0101la cigare\u0161u ra\u017eotne"},"content":{"rendered":"<p class=\"descr\">Valsts policija (VP) sadarb\u012bb\u0101 ar Valsts robe\u017esardzi (VRS) Latgales re\u0123ion\u0101 atkl\u0101jusi v\u0113l vienu neleg\u0101lo cigare\u0161u ra\u017eotni, kas tiek saist\u012bta ar iepriek\u0161 atkl\u0101tu starptautisku organiz\u0113t\u0101s noziedz\u012bbas t\u012bklu, kura darb\u012bba tika aptur\u0113ta 2024. gada izska\u0146\u0101.<\/p>\n<p>Jaunatkl\u0101tajai neleg\u0101lo cigare\u0161u ra\u017eotnei likumsargi sadarb\u012bb\u0101 ar VRS n\u0101ca uz p\u0113d\u0101m 2025. gad\u0101, un, policijai veicot procesu\u0101l\u0101s darb\u012bbas, taj\u0101 atkl\u0101ta gan profesion\u0101li izveidota cigare\u0161u ra\u017eo\u0161anas l\u012bnija ar nepiecie\u0161amaj\u0101m izejviel\u0101m un 35 miljoniem da\u017e\u0101du marku cigare\u0161u, gan aiztur\u0113tas se\u0161as personas, no kur\u0101m viena figur\u0113ja jau iepriek\u0161 s\u0101ktaj\u0101 krimin\u0101lproces\u0101 saist\u012bb\u0101 ar neleg\u0101lo cigare\u0161u ra\u017eo\u0161anu un kontrabandu.<\/p>\n<p>Veicot darbu nelikum\u012bgu akciz\u0113to pre\u010du aprites apkaro\u0161anas jom\u0101, 2025. gad\u0101 <a href=\"https:\/\/nra.lv\/birka\/valsts-policija\/\" target=\"_blank\" rel=\"noopener nofollow\">Valsts policija<\/a> sadarb\u012bb\u0101 ar robe\u017esardzi, apstr\u0101d\u0101jot operat\u012bvo inform\u0101ciju, guva p\u0101rliec\u012bbu, ka personai, kura figur\u0113 jau iepriek\u0161 s\u0101ktaj\u0101 krimin\u0101lproces\u0101, Latgales re\u0123ion\u0101 ir v\u0113l cita neleg\u0101lo cigare\u0161u ra\u017eotne.<\/p>\n<p>Rea\u0123\u0113jot uz VRS sniegto inform\u0101ciju, 2025. gada 26. septembr\u012b VP Latgales re\u0123iona p\u0101rvaldes Krimin\u0101lpolicijas birojs s\u0101ka krimin\u0101lprocesu.<\/p>\n<blockquote><p>Turpinot izmekl\u0113\u0161anu, 2025. gada 9. decembr\u012b policijas un robe\u017esardzes amatpersonas divos krimin\u0101lprocesos veica vair\u0101kas krat\u012b\u0161anas Latgales re\u0123ion\u0101 un R\u012bgas re\u0123ion\u0101, kuru laik\u0101 atkl\u0101ta ar\u012b neleg\u0101lo cigare\u0161u ra\u017eotne ar taj\u0101 izveidotu profesion\u0101lu cigare\u0161u ra\u017eo\u0161anas l\u012bniju.<\/p><\/blockquote>\n<p>Kopum\u0101 krat\u012b\u0161anu laik\u0101 iz\u0146emti 35 miljoni da\u017e\u0101du marku cigare\u0161u &#8211; &#8220;Minsk&#8221;, &#8220;Rothmans&#8221;, &#8220;Premjer&#8221;, &#8220;Queen Mentol&#8221; un &#8220;Queen Superslims&#8221;, iz\u0146emta ar\u012b sasmalcin\u0101ta tabaka 1625 kilogramu apm\u0113r\u0101, da\u017e\u0101das cigare\u0161u ra\u017eo\u0161anas izejvielas, tostarp, filtri, pap\u012brs, cigare\u0161u paci\u0146u un bloku sagataves, k\u0101 ar\u012b Krievijas un Baltkrievijas akc\u012bzes markas.<\/p>\n<p>Procesu\u0101lo darb\u012bbu laik\u0101 policija aiztur\u0113ja se\u0161us v\u012brie\u0161us, no kuriem viena persona jau figur\u0113ja iepriek\u0161 s\u0101ktaj\u0101 krimin\u0101lproces\u0101 saist\u012bb\u0101 ar neleg\u0101lo cigare\u0161u ra\u017eo\u0161anu un kontrabandu.<\/p>\n<p>2025. gada 10. decembr\u012b robe\u017esardze sniedza v\u0113l vienu inform\u0101ciju VP par iesp\u0113jamo tabakas izstr\u0101d\u0101jumu nelikum\u012bgu izgatavo\u0161anas, uzglab\u0101\u0161anas vietu Latgales re\u0123ion\u0101. Nekav\u0113joties tika veikta krat\u012b\u0161ana, kur\u0101 iz\u0146\u0113ma lielu apjomu ar da\u017e\u0101du cigare\u0161u ra\u017eo\u0161anas izejviel\u0101m, tostarp, filtriem, pap\u012bru, cigare\u0161u paci\u0146u un bloku sagatav\u0113m un Krievijas un Baltkrievijas akc\u012bzes mark\u0101m.<\/p>\n<p>T\u0101pat konstat\u0113tas divas kravas automa\u0161\u012bnu piekabes, kur vien\u0101 no t\u0101m pasl\u0113pt\u0101 veid\u0101 atrad\u0101s cigare\u0161u ra\u017eo\u0161anas iek\u0101rta.<\/p>\n<p>Saskatot organiz\u0113t\u0101s noziedz\u012bbas paz\u012bmes, k\u0101 ar\u012b saist\u012bbu ar jau iepriek\u0161 lietved\u012bb\u0101 eso\u0161o krimin\u0101lprocesu, VP Latgales re\u0123iona p\u0101rvalde 2025. gada 12. decembr\u012b krimin\u0101lprocesu t\u0101l\u0101kai izmekl\u0113\u0161anai atbilsto\u0161i piekrit\u012bbai nodeva Valsts policijas Organiz\u0113t\u0101s noziedz\u012bbas smago un s\u0113rijveida noziegumu apkaro\u0161anas p\u0101rvaldei.<\/p>\n<p>Turpinot izmekl\u0113\u0161anu, 12. decembr\u012b vienai no aiztur\u0113taj\u0101m person\u0101m piem\u0113rots aizdom\u0101s tur\u0113t\u0101 statuss un policija l\u016bdza personai piem\u0113rot dro\u0161\u012bbas l\u012bdzekli apcietin\u0101jumu, tom\u0113r tiesa to atteica, t\u0101p\u0113c tika piem\u0113roti ar br\u012bv\u012bbas at\u0146em\u0161anu nesaist\u012bti dro\u0161\u012bbas l\u012bdzek\u013ci.<\/p>\n<p>Savuk\u0101rt p\u0101r\u0113jiem pieciem v\u012brie\u0161iem krimin\u0101lproces\u0101 \u0161obr\u012bd piem\u0113rots statuss &#8220;persona, pret kuru s\u0101kts krimin\u0101lprocess&#8221;. Izmekl\u0113\u0161ana krimin\u0101lproces\u0101 turpin\u0101s, tostarp skaidrojot aiztur\u0113to personu saist\u012bbu ar organiz\u0113t\u0101s noziedz\u012bg\u0101s grupas darb\u012bbu un to lomu sadali.<\/p>\n<p>Patlaban policija turpina izmekl\u0113\u0161anu abos krimin\u0101lprocesos &#8211; gan \u0161aj\u0101 jaunatkl\u0101taj\u0101 neleg\u0101lo cigare\u0161u ra\u017eotnes liet\u0101, gan jau iepriek\u0161 publiski skaidrotaj\u0101 krimin\u0101lproces\u0101.<\/p>\n<p>Jau zi\u0146ots, ka 2024. gada decembr\u012b policijas un robe\u017esardzes krimin\u0101lizmekl\u0113\u0161anas dienesti v\u0113rien\u012bg\u0101 kop\u0113j\u0101 oper\u0101cij\u0101 Ludz\u0101 un R\u012bg\u0101 kopum\u0101 aiztur\u0113ja 32 personas un atkl\u0101ja neleg\u0101lu cigare\u0161u ra\u017eotni.<\/p>\n<p>P\u0113c Latvijas Telev\u012bzijas r\u012bc\u012bb\u0101 eso\u0161as neofici\u0101l\u0101s inform\u0101cijas, aiztur\u0113ts ar\u012b t\u012bkla iesp\u0113jamais l\u012bderis, R\u0113zeknes uz\u0146\u0113m\u0113js Elm\u0101rs Laiz\u0101ns.<\/p>\n<p>Laiz\u0101ns patlaban ir viens no aps\u016bdz\u0113tajiem liet\u0101 par noziedz\u012bgi ieg\u016btu finan\u0161u l\u012bdzek\u013cu legaliz\u0113\u0161anu pusmiljarda eiro apm\u0113r\u0101. Lietu skata Ekonomisko lietu tiesa.<\/p>\n<p>\t\t\t\t\t\tinfo<\/p>\n<p>Uzzini pirmais<br \/>kas interesants noticis Latvij\u0101 un pasaul\u0113,<br \/>pievienojoties mums <a href=\"https:\/\/t.me\/neatkariga\" rel=\"nofollow\">Telegram<\/a> vai <a href=\"https:\/\/whatsapp.com\/channel\/0029VaMLFUH5K3zLU5s4wm3y\" rel=\"nofollow noopener\" target=\"_blank\">Whatsapp<\/a> kan\u0101l\u0101<\/p>\n","protected":false},"excerpt":{"rendered":"Valsts policija (VP) sadarb\u012bb\u0101 ar Valsts robe\u017esardzi (VRS) Latgales re\u0123ion\u0101 atkl\u0101jusi v\u0113l vienu neleg\u0101lo cigare\u0161u ra\u017eotni, kas tiek&hellip;\n","protected":false},"author":2,"featured_media":105999,"comment_status":"","ping_status":"","sticky":false,"template":"","format":"standard","meta":{"footnotes":""},"categories":[12],"tags":[23,28,29,32,33,22,30,31,35,39,38,36,37,34,40,20,26,27,24,25,21],"class_list":{"0":"post-105998","1":"post","2":"type-post","3":"status-publish","4":"format-standard","5":"has-post-thumbnail","7":"category-latvija","8":"tag-aktualitates","9":"tag-breaking-news","10":"tag-breakingnews","11":"tag-featured-news","12":"tag-featurednews","13":"tag-headlines","14":"tag-latest-news","15":"tag-latestnews","16":"tag-latvia","17":"tag-latvian","18":"tag-latviesu","19":"tag-latviesu-valoda","20":"tag-latviesuvaloda","21":"tag-latvija","22":"tag-lv","23":"tag-news","24":"tag-popularakas-zinas","25":"tag-popularakaszinas","26":"tag-top-stories","27":"tag-topstories","28":"tag-zinas"},"share_on_mastodon":{"url":"https:\/\/pubeurope.com\/@lv\/115902032299391278","error":""},"_links":{"self":[{"href":"https:\/\/www.europesays.com\/lv\/wp-json\/wp\/v2\/posts\/105998","targetHints":{"allow":["GET"]}}],"collection":[{"href":"https:\/\/www.europesays.com\/lv\/wp-json\/wp\/v2\/posts"}],"about":[{"href":"https:\/\/www.europesays.com\/lv\/wp-json\/wp\/v2\/types\/post"}],"author":[{"embeddable":true,"href":"https:\/\/www.europesays.com\/lv\/wp-json\/wp\/v2\/users\/2"}],"replies":[{"embeddable":true,"href":"https:\/\/www.europesays.com\/lv\/wp-json\/wp\/v2\/comments?post=105998"}],"version-history":[{"count":0,"href":"https:\/\/www.europesays.com\/lv\/wp-json\/wp\/v2\/posts\/105998\/revisions"}],"wp:featuredmedia":[{"embeddable":true,"href":"https:\/\/www.europesays.com\/lv\/wp-json\/wp\/v2\/media\/105999"}],"wp:attachment":[{"href":"https:\/\/www.europesays.com\/lv\/wp-json\/wp\/v2\/media?parent=105998"}],"wp:term":[{"taxonomy":"category","embeddable":true,"href":"https:\/\/www.europesays.com\/lv\/wp-json\/wp\/v2\/categories?post=105998"},{"taxonomy":"post_tag","embeddable":true,"href":"https:\/\/www.europesays.com\/lv\/wp-json\/wp\/v2\/tags?post=105998"}],"curies":[{"name":"wp","href":"https:\/\/api.w.org\/{rel}","templated":true}]}}