{"id":106000,"date":"2026-01-16T00:54:08","date_gmt":"2026-01-16T00:54:08","guid":{"rendered":"https:\/\/www.europesays.com\/lv\/106000\/"},"modified":"2026-01-16T00:54:08","modified_gmt":"2026-01-16T00:54:08","slug":"latvijas-karavirus-grenlandes-aizsardzibai-no-asv-vel-nevajag-danija-nav-lugusi-latvijas-lidzdalibu-militarajas-macibas-grenlande-jauns-lv","status":"publish","type":"post","link":"https:\/\/www.europesays.com\/lv\/106000\/","title":{"rendered":"Latvijas karav\u012brus Grenlandes aizsardz\u012bbai no ASV v\u0113l nevajag: D\u0101nija nav l\u016bgusi Latvijas l\u012bdzdal\u012bbu milit\u0101raj\u0101s m\u0101c\u012bb\u0101s Grenland\u0113 &#8211; Jauns.lv"},"content":{"rendered":"<ol>\n<li><a href=\"https:\/\/news.google.com\/rss\/articles\/CBMi-gFBVV95cUxOWTBIV21MRGZ0NUNIenBLekVGUDBFV2ZHdWxIVkxKMW9CMnhjdHhBak4wTUh2Y1NLMnZHckg0a3hULVZRWUp1VW1vSmpocnltRksyNDZpLV9KcnNhZ2NlVEM3Z3ItRDJ6bEdZSW9JRDF5RGtCLUJqNWFaTkxlRWJoTFRrVjc4OVRMWkVCYUloUmNIMHVIYjBpT0p4bTVDZ0NjcmI0czZpc3BSbmJoR1pjVjFCYm9MbmxnZjJtZ1JKTjZhbm1WM3JRcEhOdEl3bGRCV0huTE9zTVVERFMtTVZ5d184XzdFVnpfN24yR1M1ODhHV0NoeC1xTmtR?oc=5\" target=\"_blank\" rel=\"nofollow noopener\">Latvijas karav\u012brus Grenlandes aizsardz\u012bbai no ASV v\u0113l nevajag: D\u0101nija nav l\u016bgusi Latvijas l\u012bdzdal\u012bbu milit\u0101raj\u0101s m\u0101c\u012bb\u0101s Grenland\u0113<\/a>&nbsp;&nbsp;Jauns.lv<\/li>\n<li><a href=\"https:\/\/news.google.com\/rss\/articles\/CBMiswFBVV95cUxOUExjX0hYYVlwSWhRNDNDY3p0VFFvZDU3bjcxOUJSQ0p3WWhvMDA5czUyMXZKaWZFbFNDb3dfWFg4a29HZnBMVjNpbzRadlJ4RnBmM3JwWHdxVWRIcWd0SHZGamk2elFpa2ZkZk5JNDV0OHVtUmd3QlYzUDZzeU10Z25VUUQ3UUpJUFB5ZTNPLUVjRFQzUGItejVSM1dPdlR0QmZBdlJtaVpGRjFYMmJoOFRmaw?oc=5\" target=\"_blank\" rel=\"nofollow noopener\">Tramps beidzot skaidri pasaka, k\u0101p\u0113c par katru cenu v\u0113las p\u0101r\u0146emt Grenlandi<\/a>&nbsp;&nbsp;Jauns.lv<\/li>\n<li><a href=\"https:\/\/news.google.com\/rss\/articles\/CBMi2gFBVV95cUxOY2tua0xkTG5PWlcxMkYycnlsNWJkZW9YMEpEMldCa1paSWQ4bTVtT2xNdVJoUHFoLTBLa1RpN3d5d3pMYUx4cWRQRl9XZFZSNFhXUEQzb1EyamxlcUJBRjhsU282RmVzRlpBRUVyOE1IS21MSlE5OTJYenNxUFhwN0NtSEpyLXNsY0U5VXRQeFNFblZ6NjVEbTFJajloZmNoaUUwS2ZlcW5rTUd0MnFDb3Y4UEVVMTExb01YQ3VNWV9IOGtXSHNYRHl5b2s0QnBxQXY5VjktM095Zw?oc=5\" target=\"_blank\" rel=\"nofollow noopener\">ASV pretrun\u012bgais mantojums Grenland\u0113. K\u0101 amerik\u0101\u0146i tur paman\u012bj\u0101s pazaud\u0113t atombumbu \/ Raksts<\/a>&nbsp;&nbsp;LSM<\/li>\n<li><a href=\"https:\/\/news.google.com\/rss\/articles\/CBMijAFBVV95cUxQMjZZbG9FOG9EM1N5bGt1VHRhV0VRR0J5bldKYWpQLUpfQXVuMFJqZllmN1VqLUt6SjE5NTlzd0xqSGVSMlhSaU1HajNEMFprdnVyTUU0ZGhqemU1YmdWc0NxdkJ2ZVUtLTd4MENwVFVFandydmF3WnlQZDd4cDc0a1JYNTBJb1k3ckpnSA?oc=5\" target=\"_blank\" rel=\"nofollow noopener\">Francija p\u0113c D\u0101nijas l\u016bguma s\u016bta karav\u012brus uz Grenlandi<\/a>&nbsp;&nbsp;TVNET<\/li>\n<li><a href=\"https:\/\/news.google.com\/rss\/articles\/CBMitgFBVV95cUxOQUVmMEc0aFF2aFB0Nk5iSjNLZ1B1eUlqNnpoMTBfZktJblpndjdOTFFLeXEyOFJ3cDFyemUtd2g1MFJ2bUh6bnNYMGU2YlpwTjIzSVRXSW0xMjZ4d2s1bjNsYnNoYnVSd0V0NmZQRzR2dzYxdmc5Q2lvd2d3NHBHR2dyRkNJeFF2UmdhVFo3bEJlWFBRR09ScGIxd1pCRFg5cGlVYTAyc0FwVV9QVF8wNWNzSFAxdw?oc=5\" target=\"_blank\" rel=\"nofollow noopener\">\u201cGrenlandes jaut\u0101jums ir noz\u012bm\u012bgs un s\u0101p\u012bgs,\u201d Politikas p\u0113tniece br\u012bdina par Trampa b\u012bstamo politiku<\/a>&nbsp;&nbsp;LA.LV<\/li>\n<\/ol>\n","protected":false},"excerpt":{"rendered":"Latvijas karav\u012brus Grenlandes aizsardz\u012bbai no ASV v\u0113l nevajag: D\u0101nija nav l\u016bgusi Latvijas l\u012bdzdal\u012bbu milit\u0101raj\u0101s m\u0101c\u012bb\u0101s Grenland\u0113&nbsp;&nbsp;Jauns.lv Tramps beidzot&hellip;\n","protected":false},"author":2,"featured_media":97074,"comment_status":"","ping_status":"","sticky":false,"template":"","format":"standard","meta":{"footnotes":""},"categories":[14],"tags":[23,57,28,29,32,33,22,30,31,35,39,38,36,37,34,40,20,26,27,24,25,54,55,56,21,58],"class_list":{"0":"post-106000","1":"post","2":"type-post","3":"status-publish","4":"format-standard","5":"has-post-thumbnail","7":"category-zinas-no-arvalstim","8":"tag-aktualitates","9":"tag-arvalstim","10":"tag-breaking-news","11":"tag-breakingnews","12":"tag-featured-news","13":"tag-featurednews","14":"tag-headlines","15":"tag-latest-news","16":"tag-latestnews","17":"tag-latvia","18":"tag-latvian","19":"tag-latviesu","20":"tag-latviesu-valoda","21":"tag-latviesuvaloda","22":"tag-latvija","23":"tag-lv","24":"tag-news","25":"tag-popularakas-zinas","26":"tag-popularakaszinas","27":"tag-top-stories","28":"tag-topstories","29":"tag-world","30":"tag-world-news","31":"tag-worldnews","32":"tag-zinas","33":"tag-zinas-no-arvalstim"},"share_on_mastodon":{"url":"https:\/\/pubeurope.com\/@lv\/115902051982134854","error":""},"_links":{"self":[{"href":"https:\/\/www.europesays.com\/lv\/wp-json\/wp\/v2\/posts\/106000","targetHints":{"allow":["GET"]}}],"collection":[{"href":"https:\/\/www.europesays.com\/lv\/wp-json\/wp\/v2\/posts"}],"about":[{"href":"https:\/\/www.europesays.com\/lv\/wp-json\/wp\/v2\/types\/post"}],"author":[{"embeddable":true,"href":"https:\/\/www.europesays.com\/lv\/wp-json\/wp\/v2\/users\/2"}],"replies":[{"embeddable":true,"href":"https:\/\/www.europesays.com\/lv\/wp-json\/wp\/v2\/comments?post=106000"}],"version-history":[{"count":0,"href":"https:\/\/www.europesays.com\/lv\/wp-json\/wp\/v2\/posts\/106000\/revisions"}],"wp:featuredmedia":[{"embeddable":true,"href":"https:\/\/www.europesays.com\/lv\/wp-json\/wp\/v2\/media\/97074"}],"wp:attachment":[{"href":"https:\/\/www.europesays.com\/lv\/wp-json\/wp\/v2\/media?parent=106000"}],"wp:term":[{"taxonomy":"category","embeddable":true,"href":"https:\/\/www.europesays.com\/lv\/wp-json\/wp\/v2\/categories?post=106000"},{"taxonomy":"post_tag","embeddable":true,"href":"https:\/\/www.europesays.com\/lv\/wp-json\/wp\/v2\/tags?post=106000"}],"curies":[{"name":"wp","href":"https:\/\/api.w.org\/{rel}","templated":true}]}}