{"id":106001,"date":"2026-01-16T01:21:15","date_gmt":"2026-01-16T01:21:15","guid":{"rendered":"https:\/\/www.europesays.com\/lv\/106001\/"},"modified":"2026-01-16T01:21:15","modified_gmt":"2026-01-16T01:21:15","slug":"atrodi-sevi-%e2%9f%a9-makslas-bauditaji-ierodas-uz-leonardo-da-vinci-iedvesmotas-izstades-atklasanu","status":"publish","type":"post","link":"https:\/\/www.europesays.com\/lv\/106001\/","title":{"rendered":"ATRODI SEVI! \u27e9 M\u0101kslas baud\u012bt\u0101ji ierodas uz Leonardo da Vin\u010di iedvesmot\u0101s izst\u0101des atkl\u0101\u0161anu"},"content":{"rendered":"<p>Ceturtdien, 15. janv\u0101r\u012b, Vidzemes tirg\u016b tika svin\u012bgi atkl\u0101ta multimedi\u0101l\u0101s m\u0101kslas izst\u0101de &#8220;DA VINCI GENIUS&#8221;, kas 360 gr\u0101du vizualiz\u0101cij\u0101s atkl\u0101j Leonardo da Vin\u010di dz\u012bvi, darbus un idejas, apvienojot m\u0101kslu, zin\u0101tni un tehnolo\u0123ijas vienot\u0101 pieredz\u0113. Apskati foto!<\/p>\n<p><a href=\"https:\/\/sejas.tvnet.lv\/term\/597793\/izstade\" class=\"topicLink\" target=\"_blank\" rel=\"nofollow noopener\">Izst\u0101de<\/a> kop\u0161 pag\u0101ju\u0161\u0101 gada 23. decembra ir skat\u0101ma R\u012bg\u0101, un ar pan\u0101kumiem izr\u0101d\u012bta ar\u012b Berl\u012bn\u0113, Florid\u0101, Amsterdam\u0101 un citviet pasaul\u0113, k\u0101 ar\u012b sa\u0146\u0113musi starptautiskas balvas, piem\u0113ram,\u2026<\/p>\n","protected":false},"excerpt":{"rendered":"Ceturtdien, 15. janv\u0101r\u012b, Vidzemes tirg\u016b tika svin\u012bgi atkl\u0101ta multimedi\u0101l\u0101s m\u0101kslas izst\u0101de &#8220;DA VINCI GENIUS&#8221;, kas 360 gr\u0101du vizualiz\u0101cij\u0101s&hellip;\n","protected":false},"author":2,"featured_media":106002,"comment_status":"","ping_status":"","sticky":false,"template":"","format":"standard","meta":{"footnotes":""},"categories":[19],"tags":[89,90,4816,35,39,38,36,37,34,40,758,11270],"class_list":{"0":"post-106001","1":"post","2":"type-post","3":"status-publish","4":"format-standard","5":"has-post-thumbnail","7":"category-izklaide","8":"tag-entertainment","9":"tag-izklaide","10":"tag-izstade","11":"tag-latvia","12":"tag-latvian","13":"tag-latviesu","14":"tag-latviesu-valoda","15":"tag-latviesuvaloda","16":"tag-latvija","17":"tag-lv","18":"tag-tvnet-sejas","19":"tag-vidzemes-tirgus"},"share_on_mastodon":{"url":"https:\/\/pubeurope.com\/@lv\/115902158119668730","error":""},"_links":{"self":[{"href":"https:\/\/www.europesays.com\/lv\/wp-json\/wp\/v2\/posts\/106001","targetHints":{"allow":["GET"]}}],"collection":[{"href":"https:\/\/www.europesays.com\/lv\/wp-json\/wp\/v2\/posts"}],"about":[{"href":"https:\/\/www.europesays.com\/lv\/wp-json\/wp\/v2\/types\/post"}],"author":[{"embeddable":true,"href":"https:\/\/www.europesays.com\/lv\/wp-json\/wp\/v2\/users\/2"}],"replies":[{"embeddable":true,"href":"https:\/\/www.europesays.com\/lv\/wp-json\/wp\/v2\/comments?post=106001"}],"version-history":[{"count":0,"href":"https:\/\/www.europesays.com\/lv\/wp-json\/wp\/v2\/posts\/106001\/revisions"}],"wp:featuredmedia":[{"embeddable":true,"href":"https:\/\/www.europesays.com\/lv\/wp-json\/wp\/v2\/media\/106002"}],"wp:attachment":[{"href":"https:\/\/www.europesays.com\/lv\/wp-json\/wp\/v2\/media?parent=106001"}],"wp:term":[{"taxonomy":"category","embeddable":true,"href":"https:\/\/www.europesays.com\/lv\/wp-json\/wp\/v2\/categories?post=106001"},{"taxonomy":"post_tag","embeddable":true,"href":"https:\/\/www.europesays.com\/lv\/wp-json\/wp\/v2\/tags?post=106001"}],"curies":[{"name":"wp","href":"https:\/\/api.w.org\/{rel}","templated":true}]}}