{"id":106016,"date":"2026-01-16T01:51:48","date_gmt":"2026-01-16T01:51:48","guid":{"rendered":"https:\/\/www.europesays.com\/lv\/106016\/"},"modified":"2026-01-16T01:51:48","modified_gmt":"2026-01-16T01:51:48","slug":"danija-specinas-militaro-klatbutni-grenlande","status":"publish","type":"post","link":"https:\/\/www.europesays.com\/lv\/106016\/","title":{"rendered":"D\u0101nija sp\u0113cin\u0101s milit\u0101ro kl\u0101tb\u016btni Grenland\u0113"},"content":{"rendered":"<p>Saska\u0146\u0101 ar DR inform\u0101ciju, avangarda vien\u012bba sast\u0101v no armijas karav\u012briem, kuri stiprina bru\u0146oto sp\u0113ku milit\u0101ro kl\u0101tb\u016btni Grenland\u0113.<br \/>Aizsardz\u012bbas ministrs Lunds Polsens sac\u012bjis, ka D\u0101nija ar\u012b risina sarunas ar NATO sabiedrotajiem, lai stiprin\u0101tu alianses kl\u0101tb\u016btni Arktikas re\u0123ion\u0101.<\/p>\n<p>ASV, D\u0101nijas un Grenlandes p\u0101rst\u0101vji tre\u0161dien, 14 janv\u0101r\u012b, pl\u0101no tikties Va\u0161ington\u0101.<\/p>\n<p>ASV prezidents Donalds Tramps ir vair\u0101kk\u0101rt teicis, ka ASV ir j\u0101ieg\u016bst kontrole p\u0101r Grenlandi, vai nu to ieg\u0101d\u0101joties, vai ar citiem l\u012bdzek\u013ciem.<\/p>\n<p class=\"tv3-fw-500\">Zi\u0146o par k\u013c\u016bdu rakst\u0101<\/p>\n<p class=\"d-md-block d-none\">Iez\u012bm\u0113 k\u013c\u016bdaino tekstu un spied Ctrl+Enter.<\/p>\n<p class=\"d-md-none d-block\">Iez\u012bm\u0113 k\u013c\u016bdaino tekstu un zi\u0146o par to!<\/p>\n","protected":false},"excerpt":{"rendered":"Saska\u0146\u0101 ar DR inform\u0101ciju, avangarda vien\u012bba sast\u0101v no armijas karav\u012briem, kuri stiprina bru\u0146oto sp\u0113ku milit\u0101ro kl\u0101tb\u016btni Grenland\u0113.Aizsardz\u012bbas ministrs&hellip;\n","protected":false},"author":2,"featured_media":106017,"comment_status":"","ping_status":"","sticky":false,"template":"","format":"standard","meta":{"footnotes":""},"categories":[19],"tags":[25358,89,90,35,39,38,36,37,34,40],"class_list":{"0":"post-106016","1":"post","2":"type-post","3":"status-publish","4":"format-standard","5":"has-post-thumbnail","7":"category-izklaide","8":"tag-asvdanijadonalds-trampsgrenlande","9":"tag-entertainment","10":"tag-izklaide","11":"tag-latvia","12":"tag-latvian","13":"tag-latviesu","14":"tag-latviesu-valoda","15":"tag-latviesuvaloda","16":"tag-latvija","17":"tag-lv"},"share_on_mastodon":{"url":"https:\/\/pubeurope.com\/@lv\/115902280006053748","error":""},"_links":{"self":[{"href":"https:\/\/www.europesays.com\/lv\/wp-json\/wp\/v2\/posts\/106016","targetHints":{"allow":["GET"]}}],"collection":[{"href":"https:\/\/www.europesays.com\/lv\/wp-json\/wp\/v2\/posts"}],"about":[{"href":"https:\/\/www.europesays.com\/lv\/wp-json\/wp\/v2\/types\/post"}],"author":[{"embeddable":true,"href":"https:\/\/www.europesays.com\/lv\/wp-json\/wp\/v2\/users\/2"}],"replies":[{"embeddable":true,"href":"https:\/\/www.europesays.com\/lv\/wp-json\/wp\/v2\/comments?post=106016"}],"version-history":[{"count":0,"href":"https:\/\/www.europesays.com\/lv\/wp-json\/wp\/v2\/posts\/106016\/revisions"}],"wp:featuredmedia":[{"embeddable":true,"href":"https:\/\/www.europesays.com\/lv\/wp-json\/wp\/v2\/media\/106017"}],"wp:attachment":[{"href":"https:\/\/www.europesays.com\/lv\/wp-json\/wp\/v2\/media?parent=106016"}],"wp:term":[{"taxonomy":"category","embeddable":true,"href":"https:\/\/www.europesays.com\/lv\/wp-json\/wp\/v2\/categories?post=106016"},{"taxonomy":"post_tag","embeddable":true,"href":"https:\/\/www.europesays.com\/lv\/wp-json\/wp\/v2\/tags?post=106016"}],"curies":[{"name":"wp","href":"https:\/\/api.w.org\/{rel}","templated":true}]}}