{"id":106022,"date":"2026-01-16T02:54:08","date_gmt":"2026-01-16T02:54:08","guid":{"rendered":"https:\/\/www.europesays.com\/lv\/106022\/"},"modified":"2026-01-16T02:54:08","modified_gmt":"2026-01-16T02:54:08","slug":"venecuelas-opozicijas-lidere-trampam-uzdavina-nobela-miera-premijas-medalu-raksts","status":"publish","type":"post","link":"https:\/\/www.europesays.com\/lv\/106022\/","title":{"rendered":"Venecu\u0113las opoz\u012bcijas l\u012bdere Trampam uzd\u0101vina Nobela miera pr\u0113mijas meda\u013cu \/ Raksts"},"content":{"rendered":"<p>Venecu\u0113las opoz\u012bcijas l\u012bdere Marija Korina Ma\u010dado viz\u012btes laik\u0101 Va\u0161ington\u0101 ir pasniegusi ASV prezidentam Donaldam Trampam savu Nobela miera pr\u0113mijas meda\u013cu. To Ma\u010dado apstiprin\u0101ja, tiekoties ar \u017eurn\u0101listiem jau p\u0113c Balt\u0101 nama apmekl\u0113juma, sakot, ka t\u0101 ir bijusi v\u0113sturiska diena venecu\u0113lie\u0161iem un neatk\u0101rtojama tik\u0161an\u0101s. To, ka vi\u0146a \u0161\u0101di gatavojas pateikties Trampam par autorit\u0101r\u0101 prezidenta Nikolasa Maduro g\u0101\u0161anu, Ma\u010dado izteikusies jau agr\u0101k, ta\u010du Norv\u0113\u0123ijas Nobela komiteja, kas pie\u0161\u0137ir balvu, ir skaidri nor\u0101d\u012bjusi, ka to nevar dal\u012bt vai nodot citai personai.\u00a0<\/p>\n<p>Tramps pauda pateic\u012bbu soci\u0101lo mediju ierakst\u0101, sakot, ka pr\u0113mijas sa\u0146em\u0161ana ir &#8220;br\u012bni\u0161\u0137\u012bgs savstarp\u0113jas cie\u0146as \u017eests&#8221;, ka tik\u0161an\u0101s ar Ma\u010dado ir bijis\u00a0 &#8220;liels gods&#8221;, nosaucot vi\u0146u par &#8220;br\u012bni\u0161\u0137\u012bgu sievieti, kura ir tik daudz p\u0101rdz\u012bvojusi&#8221;.<\/p>\n<p>Tramps jau agr\u0101k ir publiski paudis, ka ir peln\u012bjis Nobela miera pr\u0113miju, jo savas prezident\u016bras laik\u0101 ir izbeidzis asto\u0146us karus un konfliktus.\u00a0 Vi\u0146\u0161 iepriek\u0161 Ma\u010dado raksturoja k\u0101 &#8220;br\u012bv\u012bbas c\u012bn\u012bt\u0101ju&#8221;, ta\u010du noraid\u012bja ideju par Ma\u010dado iecel\u0161anu Venecu\u0113las vad\u012bb\u0101 p\u0113c Maduro g\u0101\u0161anas, apgalvojot, ka vi\u0146ai tr\u016bkst pietiekama iek\u0161zemes atbalsta.<\/p>\n<p>Ma\u010dado apmekl\u0113 Kongresu<\/p>\n<p style=\"margin-left:0cm; margin-right:0cm\">Ma\u010dado apmekl\u0113ja ar\u012b ASV Kongresu un tik\u0101s ar senatoriem. Vi\u0146a esot uzsv\u0113rusi, ka opoz\u012bcijas m\u0113r\u0137is ir p\u0101rveidot Venecu\u0113lu par br\u012bvu un dro\u0161u valsti un par sp\u0113c\u012bg\u0101ko sabiedroto, k\u0101ds jebkad ASV ir bijis \u0161aj\u0101 re\u0123ion\u0101.\u00a0&#8220;M\u0113s esam dzi\u013ci proamerik\u0101niska sabiedr\u012bba,&#8221; piebilda Ma\u010dado.<\/p>\n<p>Aicina uz diplom\u0101tisku c\u012b\u0146u<\/p>\n<p style=\"margin-left:0cm; margin-right:0cm\">Lai gan ASV iepriek\u0161 ir atzinusi Venecu\u0113las opoz\u012bcijas kandid\u0101tu Edmundo Gonsalesu par le\u0123it\u012bmi iev\u0113l\u0113to prezidentu p\u0113c Venecu\u0113las str\u012bd\u012bgaj\u0101m 2024. gada v\u0113l\u0113\u0161an\u0101m, valsti pa\u0161laik vada prezidenta pien\u0101kumu izpild\u012bt\u0101ja Delsija Rodrigesa, kura bija autorit\u0101r\u0101 Nikolasa Maduro vietniece pirms vi\u0146a sagr\u0101b\u0161anas un aizve\u0161anas uz cietumu ASV.\u00a0Karakas\u0101 Rodrigesa uzst\u0101j\u0101s ar uzrunu tautai, sakot, ka Venecu\u0113lai vajadz\u0113tu iesaist\u012bties diplom\u0101tisk\u0101 c\u012b\u0146\u0101 ar ASV, lai aizst\u0101v\u0113tu savu suverenit\u0101ti. &#8220;Visa Venecu\u0113la ir apdraud\u0113ta,&#8221; sac\u012bja Rodrigesa, &#8220;un t\u0101p\u0113c es aicinu uz nacion\u0101lo vienot\u012bbu, lai m\u0113s, izce\u013cot suverenit\u0101ti, c\u012bn\u012btos diplom\u0101tiskaj\u0101 c\u012b\u0146\u0101.&#8221;<\/p>\n<p style=\"margin-left:0cm; margin-right:0cm\">\u00a0<\/p>\n<p style=\"margin-left:0cm; margin-right:0cm; text-align:right\">\u00a0<\/p>\n<p style=\"margin-left:0cm; margin-right:0cm; text-align:right\">\u00a0<\/p>\n<p style=\"margin-left:0cm; margin-right:0cm; text-align:right\">\u00a0<\/p>\n<p>                    Valodas k\u013c\u016bda rakst\u0101?<\/p>\n<p class=\"d-none d-md-block\">Iez\u012bm\u0113jiet tekstu un spiediet Ctrl+Enter, lai nos\u016bt\u012btu labojamo teksta fragmentu redaktoram! Par faktu k\u013c\u016bd\u0101m l\u016bdzam zi\u0146ot e-past\u0101 <a href=\"https:\/\/www.lsm.lv\/cdn-cgi\/l\/email-protection\" class=\"__cf_email__\" data-cfemail=\"83f1e6e7e2e8e0eae9e2c3eff0eeadeff5\" rel=\"nofollow noopener\" target=\"_blank\">[email\u00a0protected]<\/a>.<\/p>\n<p class=\"d-md-none\">Iez\u012bm\u0113jiet tekstu un spiediet uz Zi\u0146ot par k\u013c\u016bdu pogas, lai nos\u016bt\u012btu labojamo teksta fragmentu redaktoram!<\/p>\n<p>\n                    Zi\u0146ot par k\u013c\u016bdu\n                <\/p>\n","protected":false},"excerpt":{"rendered":"Venecu\u0113las opoz\u012bcijas l\u012bdere Marija Korina Ma\u010dado viz\u012btes laik\u0101 Va\u0161ington\u0101 ir pasniegusi ASV prezidentam Donaldam Trampam savu Nobela miera&hellip;\n","protected":false},"author":2,"featured_media":95303,"comment_status":"","ping_status":"","sticky":false,"template":"","format":"standard","meta":{"footnotes":""},"categories":[14],"tags":[23,57,28,29,32,33,22,30,31,35,39,38,36,37,34,40,20,26,27,24,25,54,55,56,21,58],"class_list":{"0":"post-106022","1":"post","2":"type-post","3":"status-publish","4":"format-standard","5":"has-post-thumbnail","7":"category-zinas-no-arvalstim","8":"tag-aktualitates","9":"tag-arvalstim","10":"tag-breaking-news","11":"tag-breakingnews","12":"tag-featured-news","13":"tag-featurednews","14":"tag-headlines","15":"tag-latest-news","16":"tag-latestnews","17":"tag-latvia","18":"tag-latvian","19":"tag-latviesu","20":"tag-latviesu-valoda","21":"tag-latviesuvaloda","22":"tag-latvija","23":"tag-lv","24":"tag-news","25":"tag-popularakas-zinas","26":"tag-popularakaszinas","27":"tag-top-stories","28":"tag-topstories","29":"tag-world","30":"tag-world-news","31":"tag-worldnews","32":"tag-zinas","33":"tag-zinas-no-arvalstim"},"share_on_mastodon":{"url":"https:\/\/pubeurope.com\/@lv\/115902523797257100","error":""},"_links":{"self":[{"href":"https:\/\/www.europesays.com\/lv\/wp-json\/wp\/v2\/posts\/106022","targetHints":{"allow":["GET"]}}],"collection":[{"href":"https:\/\/www.europesays.com\/lv\/wp-json\/wp\/v2\/posts"}],"about":[{"href":"https:\/\/www.europesays.com\/lv\/wp-json\/wp\/v2\/types\/post"}],"author":[{"embeddable":true,"href":"https:\/\/www.europesays.com\/lv\/wp-json\/wp\/v2\/users\/2"}],"replies":[{"embeddable":true,"href":"https:\/\/www.europesays.com\/lv\/wp-json\/wp\/v2\/comments?post=106022"}],"version-history":[{"count":0,"href":"https:\/\/www.europesays.com\/lv\/wp-json\/wp\/v2\/posts\/106022\/revisions"}],"wp:featuredmedia":[{"embeddable":true,"href":"https:\/\/www.europesays.com\/lv\/wp-json\/wp\/v2\/media\/95303"}],"wp:attachment":[{"href":"https:\/\/www.europesays.com\/lv\/wp-json\/wp\/v2\/media?parent=106022"}],"wp:term":[{"taxonomy":"category","embeddable":true,"href":"https:\/\/www.europesays.com\/lv\/wp-json\/wp\/v2\/categories?post=106022"},{"taxonomy":"post_tag","embeddable":true,"href":"https:\/\/www.europesays.com\/lv\/wp-json\/wp\/v2\/tags?post=106022"}],"curies":[{"name":"wp","href":"https:\/\/api.w.org\/{rel}","templated":true}]}}