{"id":106023,"date":"2026-01-16T02:57:14","date_gmt":"2026-01-16T02:57:14","guid":{"rendered":"https:\/\/www.europesays.com\/lv\/106023\/"},"modified":"2026-01-16T02:57:14","modified_gmt":"2026-01-16T02:57:14","slug":"atceltas-apsudzibas-pret-sova-90-dienas-lai-apprecetos-zvaigznem-veroniku-rodrigesu-un-setu-darjusferu","status":"publish","type":"post","link":"https:\/\/www.europesays.com\/lv\/106023\/","title":{"rendered":"Atceltas aps\u016bdz\u012bbas pret \u0161ova \u201c90 dienas, lai apprec\u0113tos\u201d zvaigzn\u0113m Veroniku Rodrigesu un Setu Darju\u0161feru"},"content":{"rendered":"<p>P\u0113c tiesas vi\u0146i ar\u012b nav v\u0113rsu\u0161ies ar iesniegumiem, lai ieg\u016btu netuvo\u0161an\u0101s orderi vai ko citu, juridiski vi\u0146i nece\u013c pretenzijas viens pret otru.<\/p>\n<p>Tiesa notika m\u0113nesi p\u0113c tam, kad p\u0101ri arest\u0113ja un v\u0113l\u0101k atbr\u012bvoja pret dro\u0161\u012bbas naudu, Rodrigesa \u0161\u0137\u012br\u0101s no 500 dol\u0101riem, bet Darju\u0161fers no 2 500 dol\u0101riem.<\/p>\n<p>Par attiec\u012bb\u0101m publiski \u0161ova zvaigznes pazi\u0146oja 2025. gada janv\u0101r\u012b, vi\u0146i nav ori\u0123in\u0101lais\u00a0<a href=\"https:\/\/go3.lv\/discoveryplus\/90-dienas-lai-apprecetos,serial-2816018\" target=\"_blank\" rel=\"noopener nofollow\">\u201c90 dienas, lai apprec\u0113tos\u201d<\/a> p\u0101ris, bet satik\u0101s v\u0113l\u0101k, izbeidzot iepriek\u0161\u0113j\u0101s attiec\u012bbas un dodoties uz \u0161ova salidojumu.<\/p>\n<p>2025. gada septembr\u012b p\u0101ris saderin\u0101j\u0101s, p\u0113c str\u012bda, kur\u0101 vi\u0146i viens otru fiziski ietekm\u0113ja, nav zin\u0101ms vai attiec\u012bbas turpin\u0101s, vai vi\u0146i vienk\u0101r\u0161i neliecin\u0101ja ties\u0101, lai tikai viss izbeigtos.<\/p>\n<p>P\u0113d\u0113jais kop\u012bgais ieraksts soci\u0101lajos t\u012bklos public\u0113ts dienu pirms aresta, nu p\u0101ris publisko bildes kop\u0101 ar draugiem, vienatn\u0113, bet ne p\u0101ru foto, \u013caujot tik faniem min\u0113t, vai 2026. gad\u0101 apsol\u012bt\u0101s k\u0101zas notiks vai tom\u0113r \u2013 n\u0113.<\/p>\n<p class=\"ad-desc ad-desc-main\">Saturs turpin\u0101s p\u0113c rekl\u0101mas<\/p>\n<p class=\"ad-desc ad-desc-sec\">Rekl\u0101ma<\/p>\n<p>Vair\u0101k par Veroniku un Setu, k\u0101 ar\u012b citiem p\u0101riem uzzini \u0161ov\u0101 <a href=\"https:\/\/go3.lv\/discoveryplus\/90-dienas-lai-apprecetos,serial-2816018\" target=\"_blank\" rel=\"noopener nofollow\">\u201c90 dienas, lai apprec\u0113tos\u201d<\/a>!<\/p>\n<p>            <img loading=\"lazy\" decoding=\"async\" class=\"size-full wp-image-3723560 skaties-content-image\" src=\"https:\/\/www.europesays.com\/lv\/wp-content\/uploads\/2026\/01\/b4b7-6968f782ec560.jpg\" alt=\"\" width=\"920\" height=\"1083\"  \/><\/p>\n<p>                FOTO: INSTAGRAM\/<\/p>\n<p>Skaties \u0161o un citus \u0161ovus un seri\u0101lus <a href=\"https:\/\/go3.lv?utm_source=tv3.lv&amp;utm_medium=articles&amp;utm_campaign=article_suffix\" target=\"_blank\" rel=\"noopener nofollow\">Go3 telev\u012bzij\u0101<\/a>!<\/p>\n<p class=\"tv3-fw-500\">Zi\u0146o par k\u013c\u016bdu rakst\u0101<\/p>\n<p class=\"d-md-block d-none\">Iez\u012bm\u0113 k\u013c\u016bdaino tekstu un spied Ctrl+Enter.<\/p>\n<p class=\"d-md-none d-block\">Iez\u012bm\u0113 k\u013c\u016bdaino tekstu un zi\u0146o par to!<\/p>\n","protected":false},"excerpt":{"rendered":"P\u0113c tiesas vi\u0146i ar\u012b nav v\u0113rsu\u0161ies ar iesniegumiem, lai ieg\u016btu netuvo\u0161an\u0101s orderi vai ko citu, juridiski vi\u0146i nece\u013c&hellip;\n","protected":false},"author":2,"featured_media":106024,"comment_status":"","ping_status":"","sticky":false,"template":"","format":"standard","meta":{"footnotes":""},"categories":[19],"tags":[25363,89,90,35,39,38,36,37,34,40],"class_list":{"0":"post-106023","1":"post","2":"type-post","3":"status-publish","4":"format-standard","5":"has-post-thumbnail","7":"category-izklaide","8":"tag-90-dienas-lai-apprecetosgo3skaties-go3tlc","9":"tag-entertainment","10":"tag-izklaide","11":"tag-latvia","12":"tag-latvian","13":"tag-latviesu","14":"tag-latviesu-valoda","15":"tag-latviesuvaloda","16":"tag-latvija","17":"tag-lv"},"share_on_mastodon":{"url":"https:\/\/pubeurope.com\/@lv\/115902535608830694","error":""},"_links":{"self":[{"href":"https:\/\/www.europesays.com\/lv\/wp-json\/wp\/v2\/posts\/106023","targetHints":{"allow":["GET"]}}],"collection":[{"href":"https:\/\/www.europesays.com\/lv\/wp-json\/wp\/v2\/posts"}],"about":[{"href":"https:\/\/www.europesays.com\/lv\/wp-json\/wp\/v2\/types\/post"}],"author":[{"embeddable":true,"href":"https:\/\/www.europesays.com\/lv\/wp-json\/wp\/v2\/users\/2"}],"replies":[{"embeddable":true,"href":"https:\/\/www.europesays.com\/lv\/wp-json\/wp\/v2\/comments?post=106023"}],"version-history":[{"count":0,"href":"https:\/\/www.europesays.com\/lv\/wp-json\/wp\/v2\/posts\/106023\/revisions"}],"wp:featuredmedia":[{"embeddable":true,"href":"https:\/\/www.europesays.com\/lv\/wp-json\/wp\/v2\/media\/106024"}],"wp:attachment":[{"href":"https:\/\/www.europesays.com\/lv\/wp-json\/wp\/v2\/media?parent=106023"}],"wp:term":[{"taxonomy":"category","embeddable":true,"href":"https:\/\/www.europesays.com\/lv\/wp-json\/wp\/v2\/categories?post=106023"},{"taxonomy":"post_tag","embeddable":true,"href":"https:\/\/www.europesays.com\/lv\/wp-json\/wp\/v2\/tags?post=106023"}],"curies":[{"name":"wp","href":"https:\/\/api.w.org\/{rel}","templated":true}]}}