{"id":106029,"date":"2026-01-16T03:44:07","date_gmt":"2026-01-16T03:44:07","guid":{"rendered":"https:\/\/www.europesays.com\/lv\/106029\/"},"modified":"2026-01-16T03:44:07","modified_gmt":"2026-01-16T03:44:07","slug":"latvijas-karaviri-netiek-aicinati-uz-grenlandi","status":"publish","type":"post","link":"https:\/\/www.europesays.com\/lv\/106029\/","title":{"rendered":"Latvijas karav\u012bri netiek aicin\u0101ti uz Grenlandi"},"content":{"rendered":"<p class=\"descr\">D\u0101nija nav l\u016bgusi Latvijas bru\u0146oto sp\u0113ku l\u012bdzdal\u012bbu milit\u0101raj\u0101s m\u0101c\u012bb\u0101s Grenland\u0113, a\u0123ent\u016brai LETA apstiprin\u0101ja Nacion\u0101lajos bru\u0146otajos sp\u0113kos (NBS).<\/p>\n<p><a href=\"https:\/\/nra.lv\/birka\/danija\/\" target=\"_blank\" rel=\"noopener nofollow\">D\u0101nija<\/a> ir viena no Latvijas sabiedrotaj\u0101m. T\u0101pat D\u0101nija ir viena no <a href=\"https:\/\/nra.lv\/birka\/nato\/\" target=\"_blank\" rel=\"noopener nofollow\">NATO<\/a> daudznacion\u0101l\u0101s brig\u0101des Latvij\u0101 dal\u012bbvalst\u012bm.<\/p>\n<p>Savuk\u0101rt NATO daudznacion\u0101l\u0101s div\u012bzijas \u0161t\u0101bs &#8220;Zieme\u013ci&#8221; darbojas k\u0101 starptautisks milit\u0101rs form\u0113jums, kur\u0101 Latvija un D\u0101nija ir uz\u0146\u0113mu\u0161\u0101s ietvarvalstu lomu. \u0160t\u0101bs ir izvietots \u0100da\u017eos, Latvij\u0101 un Sl\u0101gels\u0113, D\u0101nij\u0101. \u0160t\u0101ba &#8220;Zieme\u013ci&#8221; komandiere kop\u0161 2023. gada ir \u0123ener\u0101lmajore Jete Albinusa no D\u0101nijas.<\/p>\n<p>Jau zi\u0146ots, ka Francija p\u0113c D\u0101nijas l\u016bguma s\u016bta karav\u012brus uz Grenlandi, pievienojoties citiem Eiropas sabiedrotajiem milit\u0101raj\u0101s m\u0101c\u012bb\u0101s &#8220;Operation Arctic Endurance&#8221; Arktik\u0101, ceturtdien pazi\u0146ojis Francijas prezidents Emanuels Makrons.<\/p>\n<p>Ar\u012b V\u0101cijas Aizsardz\u012bbas ministrija pazi\u0146ojusi, ka nos\u016bt\u012bs milit\u0101rpersonas uz Grenlandi, nor\u0101dot, ka \u0161\u012bs komandas m\u0113r\u0137is b\u016bs izp\u0113t\u012bt pamatnosac\u012bjumus iesp\u0113jamam milit\u0101rajam atbalstam D\u0101nijai dro\u0161\u012bbas garant\u0113\u0161an\u0101 re\u0123ion\u0101.<\/p>\n<p>Makrons nor\u0101d\u012bjis, ka Francija piedal\u012bsies D\u0101nijas organiz\u0113taj\u0101s kop\u012bgaj\u0101s m\u0101c\u012bb\u0101s &#8220;Operation Arctic Endurance&#8221;, kur\u0101s piedal\u012bsies ar\u012b Zviedrija un Norv\u0113\u0123ija.<\/p>\n<p>Tre\u0161dien Tramps sav\u0101 platform\u0101 &#8220;Truth Social&#8221; pazi\u0146oja, ka Grenlandei j\u0101non\u0101k Savienoto Valstu rok\u0101s. &#8220;Nekas maz\u0101ks par to nav pie\u0146emams,&#8221; vi\u0146\u0161 piebilda.<\/p>\n<p>Makrons tre\u0161dien br\u012bdin\u0101ja, ka jebkur\u0161 drauds Eiropas sabiedrot\u0101 suverenit\u0101tei rad\u012bs bezprecedenta sekas. Francija cie\u0161i uzrauga situ\u0101ciju un pazi\u0146oja, ka r\u012bkosies, piln\u012bb\u0101 solidariz\u0113joties ar D\u0101niju.<\/p>\n<p>\t\t\t\t\t\tinfo<\/p>\n<p>Uzzini pirmais<br \/>kas interesants noticis Latvij\u0101 un pasaul\u0113,<br \/>pievienojoties mums <a href=\"https:\/\/t.me\/neatkariga\" rel=\"nofollow\">Telegram<\/a> vai <a href=\"https:\/\/whatsapp.com\/channel\/0029VaMLFUH5K3zLU5s4wm3y\" rel=\"nofollow noopener\" target=\"_blank\">Whatsapp<\/a> kan\u0101l\u0101<\/p>\n","protected":false},"excerpt":{"rendered":"D\u0101nija nav l\u016bgusi Latvijas bru\u0146oto sp\u0113ku l\u012bdzdal\u012bbu milit\u0101raj\u0101s m\u0101c\u012bb\u0101s Grenland\u0113, a\u0123ent\u016brai LETA apstiprin\u0101ja Nacion\u0101lajos bru\u0146otajos sp\u0113kos (NBS). D\u0101nija&hellip;\n","protected":false},"author":2,"featured_media":106030,"comment_status":"","ping_status":"","sticky":false,"template":"","format":"standard","meta":{"footnotes":""},"categories":[5],"tags":[23,28,29,32,33,22,30,31,35,39,38,36,37,34,40,20,26,27,24,25,21],"class_list":{"0":"post-106029","1":"post","2":"type-post","3":"status-publish","4":"format-standard","5":"has-post-thumbnail","7":"category-aktualitates","8":"tag-aktualitates","9":"tag-breaking-news","10":"tag-breakingnews","11":"tag-featured-news","12":"tag-featurednews","13":"tag-headlines","14":"tag-latest-news","15":"tag-latestnews","16":"tag-latvia","17":"tag-latvian","18":"tag-latviesu","19":"tag-latviesu-valoda","20":"tag-latviesuvaloda","21":"tag-latvija","22":"tag-lv","23":"tag-news","24":"tag-popularakas-zinas","25":"tag-popularakaszinas","26":"tag-top-stories","27":"tag-topstories","28":"tag-zinas"},"share_on_mastodon":{"url":"https:\/\/pubeurope.com\/@lv\/115902720420123176","error":""},"_links":{"self":[{"href":"https:\/\/www.europesays.com\/lv\/wp-json\/wp\/v2\/posts\/106029","targetHints":{"allow":["GET"]}}],"collection":[{"href":"https:\/\/www.europesays.com\/lv\/wp-json\/wp\/v2\/posts"}],"about":[{"href":"https:\/\/www.europesays.com\/lv\/wp-json\/wp\/v2\/types\/post"}],"author":[{"embeddable":true,"href":"https:\/\/www.europesays.com\/lv\/wp-json\/wp\/v2\/users\/2"}],"replies":[{"embeddable":true,"href":"https:\/\/www.europesays.com\/lv\/wp-json\/wp\/v2\/comments?post=106029"}],"version-history":[{"count":0,"href":"https:\/\/www.europesays.com\/lv\/wp-json\/wp\/v2\/posts\/106029\/revisions"}],"wp:featuredmedia":[{"embeddable":true,"href":"https:\/\/www.europesays.com\/lv\/wp-json\/wp\/v2\/media\/106030"}],"wp:attachment":[{"href":"https:\/\/www.europesays.com\/lv\/wp-json\/wp\/v2\/media?parent=106029"}],"wp:term":[{"taxonomy":"category","embeddable":true,"href":"https:\/\/www.europesays.com\/lv\/wp-json\/wp\/v2\/categories?post=106029"},{"taxonomy":"post_tag","embeddable":true,"href":"https:\/\/www.europesays.com\/lv\/wp-json\/wp\/v2\/tags?post=106029"}],"curies":[{"name":"wp","href":"https:\/\/api.w.org\/{rel}","templated":true}]}}