{"id":106072,"date":"2026-01-16T05:19:16","date_gmt":"2026-01-16T05:19:16","guid":{"rendered":"https:\/\/www.europesays.com\/lv\/106072\/"},"modified":"2026-01-16T05:19:16","modified_gmt":"2026-01-16T05:19:16","slug":"foto-%e2%9f%a9-vientulais-rail-baltica-tilta-balsts-daugava","status":"publish","type":"post","link":"https:\/\/www.europesays.com\/lv\/106072\/","title":{"rendered":"FOTO \u27e9 Vientu\u013cais &#8220;Rail Baltica&#8221; tilta balsts Daugav\u0101"},"content":{"rendered":"<p>Pl\u0101nots, ka tehniskais projekts pirm\u0101 tilta p\u0101\u013ca konserv\u0101cijai tiks izstr\u0101d\u0101ts 2026. gada otraj\u0101 pus\u0113. Lai saglab\u0101tu balsta kvalit\u0101ti, EDzL vad\u012bb\u0101 tiks izstr\u0101d\u0101ts konserv\u0101cijas tehniskais projekts atbilsto\u0161i b\u016bves specifikai, k\u0101 ar\u012b uzraudz\u012bba b\u016bs projekta nacion\u0101l\u0101 ievies\u0113ja atbild\u012bba.<\/p>\n<p>Zi\u0146ots ar\u012b, ka atbilsto\u0161i &#8220;RB Rail&#8221; inform\u0101cijai &#8220;Rail Baltica&#8221; pirm\u0101s k\u0101rtas izmaksas Baltij\u0101 var\u0113tu sasniegt 14,3 miljardus eiro, no tiem Latvij\u0101 &#8211; 5,5 miljardus eiro, tom\u0113r ir iesp\u0113jams potenci\u0101ls ietaup\u012bjums l\u012bdz 500 miljoniem eiro no tehnisko risin\u0101jumu optimiz\u0101cijas, k\u0101 ar\u012b ir iesp\u0113jami citi ietaup\u012bjumi.<\/p>\n<p>Kop\u0113j\u0101s projekta izmaksas atbilsto\u0161i izmaksu un ieguvumu anal\u012bzei Baltij\u0101 var sasniegt 23,8 miljardus eiro. Iepriek\u0161\u0113j\u0101 izmaksu un ieguvumu anal\u012bz\u0113 2017. gad\u0101 tika l\u0113sts, ka projekts kopum\u0101 izmaks\u0101s 5,8 miljardus eiro.<\/p>\n<p>&#8220;Rail Baltica&#8221; projekts paredz izveidot Eiropas standarta slie\u017eu platuma dzelzce\u013ca l\u012bniju no Tallinas l\u012bdz Lietuvas un Polijas robe\u017eai, lai t\u0101l\u0101k ar dzelzce\u013cu Baltijas valstis b\u016btu iesp\u0113jams savienot ar cit\u0101m Eiropas valst\u012bm. Baltijas valst\u012bs pl\u0101nots izb\u016bv\u0113t jaunu, 870 kilometru garu Eiropas slie\u017eu platuma (1435 mm) dzelzce\u013ca l\u012bniju ar vilcienu maksim\u0101lo \u0101trumu 240 kilometri stund\u0101.<\/p>\n","protected":false},"excerpt":{"rendered":"Pl\u0101nots, ka tehniskais projekts pirm\u0101 tilta p\u0101\u013ca konserv\u0101cijai tiks izstr\u0101d\u0101ts 2026. gada otraj\u0101 pus\u0113. Lai saglab\u0101tu balsta kvalit\u0101ti,&hellip;\n","protected":false},"author":2,"featured_media":106073,"comment_status":"","ping_status":"","sticky":false,"template":"","format":"standard","meta":{"footnotes":""},"categories":[12],"tags":[23,28,29,5954,32,33,22,30,31,35,39,38,36,37,34,40,20,26,27,948,7950,24,25,21],"class_list":{"0":"post-106072","1":"post","2":"type-post","3":"status-publish","4":"format-standard","5":"has-post-thumbnail","7":"category-latvija","8":"tag-aktualitates","9":"tag-breaking-news","10":"tag-breakingnews","11":"tag-daugava","12":"tag-featured-news","13":"tag-featurednews","14":"tag-headlines","15":"tag-latest-news","16":"tag-latestnews","17":"tag-latvia","18":"tag-latvian","19":"tag-latviesu","20":"tag-latviesu-valoda","21":"tag-latviesuvaloda","22":"tag-latvija","23":"tag-lv","24":"tag-news","25":"tag-popularakas-zinas","26":"tag-popularakaszinas","27":"tag-rail-baltica","28":"tag-tilts","29":"tag-top-stories","30":"tag-topstories","31":"tag-zinas"},"share_on_mastodon":{"url":"https:\/\/pubeurope.com\/@lv\/115903093957378160","error":""},"_links":{"self":[{"href":"https:\/\/www.europesays.com\/lv\/wp-json\/wp\/v2\/posts\/106072","targetHints":{"allow":["GET"]}}],"collection":[{"href":"https:\/\/www.europesays.com\/lv\/wp-json\/wp\/v2\/posts"}],"about":[{"href":"https:\/\/www.europesays.com\/lv\/wp-json\/wp\/v2\/types\/post"}],"author":[{"embeddable":true,"href":"https:\/\/www.europesays.com\/lv\/wp-json\/wp\/v2\/users\/2"}],"replies":[{"embeddable":true,"href":"https:\/\/www.europesays.com\/lv\/wp-json\/wp\/v2\/comments?post=106072"}],"version-history":[{"count":0,"href":"https:\/\/www.europesays.com\/lv\/wp-json\/wp\/v2\/posts\/106072\/revisions"}],"wp:featuredmedia":[{"embeddable":true,"href":"https:\/\/www.europesays.com\/lv\/wp-json\/wp\/v2\/media\/106073"}],"wp:attachment":[{"href":"https:\/\/www.europesays.com\/lv\/wp-json\/wp\/v2\/media?parent=106072"}],"wp:term":[{"taxonomy":"category","embeddable":true,"href":"https:\/\/www.europesays.com\/lv\/wp-json\/wp\/v2\/categories?post=106072"},{"taxonomy":"post_tag","embeddable":true,"href":"https:\/\/www.europesays.com\/lv\/wp-json\/wp\/v2\/tags?post=106072"}],"curies":[{"name":"wp","href":"https:\/\/api.w.org\/{rel}","templated":true}]}}