{"id":106076,"date":"2026-01-16T05:22:07","date_gmt":"2026-01-16T05:22:07","guid":{"rendered":"https:\/\/www.europesays.com\/lv\/106076\/"},"modified":"2026-01-16T05:22:07","modified_gmt":"2026-01-16T05:22:07","slug":"lietuvietis-vaidots-zala-ieklust-dakaras-rallija-vesture-ar-pirmo-uzvaru-smago-auto-klase-lente-lv","status":"publish","type":"post","link":"https:\/\/www.europesays.com\/lv\/106076\/","title":{"rendered":"Lietuvietis Vaidots \u017dala iek\u013c\u016bst Dakaras rallija v\u0113stur\u0113 ar pirmo uzvaru smago auto klas\u0113\u00a0\u2014\u00a0Lente.lv"},"content":{"rendered":"<p>\u017dala v\u0113sturiskais pan\u0101kums<\/p>\n<p>Dakaras rallija sept\u012btaj\u0101 posm\u0101 smago automa\u0161\u012bnu klas\u0113 uzvaru svin\u0113jis lietuvietis Vaidotas \u017dala. \u0160is pan\u0101kums ir noz\u012bm\u012bgs ne tikai pa\u0161am sportistam, bet ar\u012b iek\u013c\u016bst Dakaras rallija v\u0113stures lappus\u0113s, jo \u017dala k\u013c\u016bst par pirmo brauc\u0113ju, kur\u0161 uzvar\u0113jis \u0101trumposm\u0101 gan automobi\u013cu, gan kravas automa\u0161\u012bnu kategorij\u0101. Iepriek\u0161\u0113j\u0101 reiz\u0113, 2020. gad\u0101, vi\u0146\u0161 uzvar\u0113ja pirmaj\u0101 \u0101trumposm\u0101 automobi\u013cu klas\u0113.<\/p>\n<p>Posma gaitu un strat\u0113\u0123ija<\/p>\n<p>\u017dala pats atzinis, ka \u0161is posms bijis vair\u0101k st\u016brma\u0146a p\u0101rbaud\u012bjums, tom\u0113r vi\u0146a komandas sniegums bijis izcils. Sacens\u012bbas notiku\u0161as aiz cita l\u012bdera Ale\u0161a Lopraisa, bet kritisk\u0101 br\u012bd\u012b \u017dalas ekip\u0101\u017ea sp\u0113ja izv\u0113l\u0113ties \u0101tr\u0101ku mar\u0161rutu kanjon\u0101. Vienlaikus cita konkurenta, Mi\u010da van den Brinka, riepa bija p\u0101rsista, kas \u013c\u0101va \u017dalam vienas min\u016btes laik\u0101 apdz\u012bt divus sp\u0113kratus. Turpm\u0101kais posms aizvad\u012bts ar pilnu jaudu, baudot pat\u012bkamus brauk\u0161anas apst\u0101k\u013cus.<\/p>\n<p>Karjera un n\u0101kotnes perspekt\u012bvas<\/p>\n<p>\u0160is ir jau \u017dalas 11. Dakaras rallijs. Vi\u0146\u0161 start\u0113 slaven\u0101 \u017der\u0101ra de Roja komand\u0101, kur\u0161 ir divk\u0101rt\u0113js smago automa\u0161\u012bnu klases uzvar\u0113t\u0101js. De Rojs atzin\u012bgi nov\u0113rt\u0113 \u017dalas progresu un uzskata, ka vi\u0146am ir potenci\u0101ls c\u012bn\u012bties par uzvaru \u0161\u012b gada rallij\u0101, sal\u012bdzinot vi\u0146a \u0101trumu ar citiem titul\u0113tiem brauc\u0113jiem. Pats \u017dala atkl\u0101j, ka vi\u0146am arvien vair\u0101k pat\u012bk braukt ar smago automa\u0161\u012bnu, un vi\u0146\u0161 ir priec\u012bgs par savu sniegumu, cerot turpin\u0101t veiksm\u012bgo s\u0113riju.<\/p>\n<p>Kopv\u0113rt\u0113jums un progresija<\/p>\n<p>P\u0113c \u0161\u012bs uzvaras Vaidots \u017dala kopv\u0113rt\u0113jum\u0101 pak\u0101pies uz 3. vietu smago automa\u0161\u012bnu klas\u0113. Lai gan kopv\u0113rt\u0113jum\u0101 vad\u012bbu saglab\u0101 Mi\u010dels van den Brinks, \u017dalas sniegums apliecina vi\u0146a pieaugo\u0161\u0101s amb\u012bcijas un sp\u0113ju konkur\u0113t ar lab\u0101kajiem.<\/p>\n","protected":false},"excerpt":{"rendered":"\u017dala v\u0113sturiskais pan\u0101kums Dakaras rallija sept\u012btaj\u0101 posm\u0101 smago automa\u0161\u012bnu klas\u0113 uzvaru svin\u0113jis lietuvietis Vaidotas \u017dala. \u0160is pan\u0101kums ir&hellip;\n","protected":false},"author":2,"featured_media":106077,"comment_status":"","ping_status":"","sticky":false,"template":"","format":"standard","meta":{"footnotes":""},"categories":[17],"tags":[5592,35,39,38,36,37,34,40,16719,25373,67,25372,25374],"class_list":{"0":"post-106076","1":"post","2":"type-post","3":"status-publish","4":"format-standard","5":"has-post-thumbnail","7":"category-sports","8":"tag-dakaras-rallijs","9":"tag-latvia","10":"tag-latvian","11":"tag-latviesu","12":"tag-latviesu-valoda","13":"tag-latviesuvaloda","14":"tag-latvija","15":"tag-lv","16":"tag-motorsports","17":"tag-smago-auto-klase","18":"tag-sports","19":"tag-vaidotas-zala","20":"tag-vesturisks-panakums"},"share_on_mastodon":{"url":"https:\/\/pubeurope.com\/@lv\/115903105787844631","error":""},"_links":{"self":[{"href":"https:\/\/www.europesays.com\/lv\/wp-json\/wp\/v2\/posts\/106076","targetHints":{"allow":["GET"]}}],"collection":[{"href":"https:\/\/www.europesays.com\/lv\/wp-json\/wp\/v2\/posts"}],"about":[{"href":"https:\/\/www.europesays.com\/lv\/wp-json\/wp\/v2\/types\/post"}],"author":[{"embeddable":true,"href":"https:\/\/www.europesays.com\/lv\/wp-json\/wp\/v2\/users\/2"}],"replies":[{"embeddable":true,"href":"https:\/\/www.europesays.com\/lv\/wp-json\/wp\/v2\/comments?post=106076"}],"version-history":[{"count":0,"href":"https:\/\/www.europesays.com\/lv\/wp-json\/wp\/v2\/posts\/106076\/revisions"}],"wp:featuredmedia":[{"embeddable":true,"href":"https:\/\/www.europesays.com\/lv\/wp-json\/wp\/v2\/media\/106077"}],"wp:attachment":[{"href":"https:\/\/www.europesays.com\/lv\/wp-json\/wp\/v2\/media?parent=106076"}],"wp:term":[{"taxonomy":"category","embeddable":true,"href":"https:\/\/www.europesays.com\/lv\/wp-json\/wp\/v2\/categories?post=106076"},{"taxonomy":"post_tag","embeddable":true,"href":"https:\/\/www.europesays.com\/lv\/wp-json\/wp\/v2\/tags?post=106076"}],"curies":[{"name":"wp","href":"https:\/\/api.w.org\/{rel}","templated":true}]}}