{"id":106079,"date":"2026-01-16T05:24:17","date_gmt":"2026-01-16T05:24:17","guid":{"rendered":"https:\/\/www.europesays.com\/lv\/106079\/"},"modified":"2026-01-16T05:24:17","modified_gmt":"2026-01-16T05:24:17","slug":"ukrainas-ekspremjere-timosenko-aizdomas-par-kukulosanu-un-balsojumu-pirksanu-parlamenta-lente-lv","status":"publish","type":"post","link":"https:\/\/www.europesays.com\/lv\/106079\/","title":{"rendered":"Ukrainas ekspremjere Timo\u0161enko aizdom\u0101s par kuku\u013co\u0161anu un balsojumu pirk\u0161anu parlament\u0101\u00a0\u2014\u00a0Lente.lv"},"content":{"rendered":"<p>Aizdomas par kuku\u013co\u0161anu un balsojumu pirk\u0161anu<\/p>\n<p>Ukrainas pretkorupcijas dienesti ir izvirz\u012bju\u0161i aizdomas par kuku\u013co\u0161anu pret vienu no parlamenta frakciju vad\u012bt\u0101jiem. Lai gan ofici\u0101li aizdom\u0101s tur\u0113t\u0101 persona netiek nosaukta, mediji, atsaucoties uz saviem avotiem, zi\u0146o, ka runa ir par biju\u0161o Ukrainas premjerministri un partijas &#8220;Batkiv\u0161\u010dina&#8221; (&#8220;T\u0113vzeme&#8221;) l\u012bderi J\u016bliju Timo\u0161enko. K\u0101 inform\u0113 port\u0101ls jauns.lv, aizdomas saist\u012btas ar kuku\u013cu pied\u0101v\u0101\u0161anu par balsojumiem Ukrainas Augst\u0101kaj\u0101 Rad\u0101.<\/p>\n<p>Ukrainas Nacion\u0101l\u0101 pretkorupcijas biroja (NABU) un Specializ\u0113t\u0101s pretkorupcijas prokurat\u016bras (SAP) pazi\u0146ojum\u0101 nor\u0101d\u012bts, ka deput\u0101ts pied\u0101v\u0101jis neat\u013cautus labumus citiem grupu deput\u0101tiem apmai\u0146\u0101 pret &#8220;par&#8221; vai &#8220;pret&#8221; balsojumu konkr\u0113tu likumprojektu apstiprin\u0101\u0161anas gait\u0101. Par \u0161\u0101diem nodar\u012bjumiem Ukrainas likumdo\u0161an\u0101 paredz\u0113ta br\u012bv\u012bbas at\u0146em\u0161ana uz laiku no pieciem l\u012bdz desmit gadiem ar vai bez mantas konfisk\u0101cijas.<\/p>\n<p>Krat\u012b\u0161anas Kijiv\u0101 un politisk\u0101 situ\u0101cija<\/p>\n<p>Saska\u0146\u0101 ar mediju zi\u0146\u0101m, notikusi krat\u012b\u0161ana partijas &#8220;Batkiv\u0161\u010dina&#8221; biroj\u0101 Kijiv\u0101. Tiek zi\u0146ots ar\u012b par krat\u012b\u0161anu frakcijas &#8220;Sluha narodu&#8221; (&#8220;Tautas kalps&#8221;) deput\u0101ta D\u0101vida Arahamijas telp\u0101s.<\/p>\n<p>J\u016blija Timo\u0161enko ir kategoriski noraid\u012bjusi visas aps\u016bdz\u012bbas, platform\u0101 &#8220;Facebook&#8221; nor\u0101dot, ka izmekl\u0113\u0161anas darb\u012bbas, kas ilgu\u0161as visu nakti, nav atradu\u0161as nek\u0101dus pier\u0101d\u012bjumus. Vi\u0146a ar\u012b apgalvo, ka vi\u0146as darba telefoni, parlamenta dokumenti un person\u012bgie uzkr\u0101jumi, kas piln\u012bb\u0101 atspogu\u013coti ofici\u0101laj\u0101 deklar\u0101cij\u0101, tika pa\u0146emti.<\/p>\n<p>J\u016blijas Timo\u0161enko politisk\u0101 karjera un iepriek\u0161\u0113j\u0101s aps\u016bdz\u012bbas<\/p>\n<p>J\u016blija Timo\u0161enko ir viena no paz\u012bstam\u0101kaj\u0101m Ukrainas politi\u0137\u0113m, iepriek\u0161 ie\u0146emot premjerministres amatu. Vi\u0146as politisk\u0101 karjera ir bijusi saist\u012bta ar vair\u0101kiem tiesu procesiem un aps\u016bdz\u012bb\u0101m. Iepriek\u0161 vi\u0146a ir bijusi aps\u016bdz\u0113ta par izvair\u012b\u0161anos no nodok\u013cu maks\u0101\u0161anas, naudas l\u012bdzek\u013cu piesavin\u0101\u0161anos un Ukrainai neizdev\u012bga g\u0101zes pieg\u0101\u017eu l\u012bguma nosl\u0113g\u0161anu ar Krieviju, par ko jau iepriek\u0161 ir izcietusi cietumsodu.<\/p>\n<p>\u0160\u012b lieta tiek skat\u012bta kontekst\u0101 ar Ukrainas ilggad\u0113jo c\u012b\u0146u pret korupciju, \u012bpa\u0161i \u0146emot v\u0113r\u0101 valsts centienus tuvin\u0101ties Eiropas Savien\u012bbas instit\u016bcij\u0101m, kas bie\u017ei vien nosac\u012bti ar pretkorupcijas reform\u0101m.<\/p>\n<p>Ofici\u0101lais skaidrojums un turpm\u0101k\u0101 izmekl\u0113\u0161ana<\/p>\n<p>Ukrainas Specializ\u0113t\u0101 pretkorupcijas prokurat\u016bra ir nor\u0101d\u012bjusi, ka Timo\u0161enko izvirz\u012btas aizdomas kvalific\u0113tas p\u0113c 369. panta 4. punkta. Likumsargi sola sniegt s\u012bk\u0101ku inform\u0101ciju v\u0113l\u0101k. Izmekl\u0113\u0161ana turpin\u0101s, un t\u0101s rezult\u0101ti var\u0113tu b\u016btiski ietekm\u0113t politisko situ\u0101ciju Ukrain\u0101.<\/p>\n","protected":false},"excerpt":{"rendered":"Aizdomas par kuku\u013co\u0161anu un balsojumu pirk\u0161anu Ukrainas pretkorupcijas dienesti ir izvirz\u012bju\u0161i aizdomas par kuku\u013co\u0161anu pret vienu no parlamenta&hellip;\n","protected":false},"author":2,"featured_media":106080,"comment_status":"","ping_status":"","sticky":false,"template":"","format":"standard","meta":{"footnotes":""},"categories":[14],"tags":[23,57,25376,28,29,32,33,22,25079,688,11502,30,31,35,39,38,36,37,34,40,20,26,27,24,25,276,54,55,56,21,58],"class_list":{"0":"post-106079","1":"post","2":"type-post","3":"status-publish","4":"format-standard","5":"has-post-thumbnail","7":"category-zinas-no-arvalstim","8":"tag-aktualitates","9":"tag-arvalstim","10":"tag-augstaka-rada","11":"tag-breaking-news","12":"tag-breakingnews","13":"tag-featured-news","14":"tag-featurednews","15":"tag-headlines","16":"tag-julija-timosenko","17":"tag-korupcija","18":"tag-kukulosana","19":"tag-latest-news","20":"tag-latestnews","21":"tag-latvia","22":"tag-latvian","23":"tag-latviesu","24":"tag-latviesu-valoda","25":"tag-latviesuvaloda","26":"tag-latvija","27":"tag-lv","28":"tag-news","29":"tag-popularakas-zinas","30":"tag-popularakaszinas","31":"tag-top-stories","32":"tag-topstories","33":"tag-ukraina","34":"tag-world","35":"tag-world-news","36":"tag-worldnews","37":"tag-zinas","38":"tag-zinas-no-arvalstim"},"share_on_mastodon":{"url":"https:\/\/pubeurope.com\/@lv\/115903113663329423","error":""},"_links":{"self":[{"href":"https:\/\/www.europesays.com\/lv\/wp-json\/wp\/v2\/posts\/106079","targetHints":{"allow":["GET"]}}],"collection":[{"href":"https:\/\/www.europesays.com\/lv\/wp-json\/wp\/v2\/posts"}],"about":[{"href":"https:\/\/www.europesays.com\/lv\/wp-json\/wp\/v2\/types\/post"}],"author":[{"embeddable":true,"href":"https:\/\/www.europesays.com\/lv\/wp-json\/wp\/v2\/users\/2"}],"replies":[{"embeddable":true,"href":"https:\/\/www.europesays.com\/lv\/wp-json\/wp\/v2\/comments?post=106079"}],"version-history":[{"count":0,"href":"https:\/\/www.europesays.com\/lv\/wp-json\/wp\/v2\/posts\/106079\/revisions"}],"wp:featuredmedia":[{"embeddable":true,"href":"https:\/\/www.europesays.com\/lv\/wp-json\/wp\/v2\/media\/106080"}],"wp:attachment":[{"href":"https:\/\/www.europesays.com\/lv\/wp-json\/wp\/v2\/media?parent=106079"}],"wp:term":[{"taxonomy":"category","embeddable":true,"href":"https:\/\/www.europesays.com\/lv\/wp-json\/wp\/v2\/categories?post=106079"},{"taxonomy":"post_tag","embeddable":true,"href":"https:\/\/www.europesays.com\/lv\/wp-json\/wp\/v2\/tags?post=106079"}],"curies":[{"name":"wp","href":"https:\/\/api.w.org\/{rel}","templated":true}]}}