{"id":106081,"date":"2026-01-16T05:25:13","date_gmt":"2026-01-16T05:25:13","guid":{"rendered":"https:\/\/www.europesays.com\/lv\/106081\/"},"modified":"2026-01-16T05:25:13","modified_gmt":"2026-01-16T05:25:13","slug":"pasvaldibas-merkis-ir-uzlabot-jnip-sniegto-pakalpojumu-kvalitati","status":"publish","type":"post","link":"https:\/\/www.europesays.com\/lv\/106081\/","title":{"rendered":"Pa\u0161vald\u012bbas m\u0113r\u0137is ir uzlabot JN\u012aP sniegto pakalpojumu kvalit\u0101ti"},"content":{"rendered":"<p>Pa\u0161vald\u012bbas m\u0113r\u0137is ir uzlabot JN\u012aP sniegto pakalpojumu kvalit\u0101ti<\/p>\n<p>Tuv\u0101kaj\u0101 laik\u0101 pa\u0161vald\u012bba izsludin\u0101s konkursu uz SIA \u201cJelgavas nekustam\u0101 \u012bpa\u0161uma p\u0101rvalde\u201d (JN\u012aP) valdes locek\u013ca amatu, bet l\u012bdz tam JN\u012aP vad\u012bs pagaidu valdes locekle Anita B\u0113rzi\u0146a. Pa\u0161vald\u012bbas m\u0113r\u0137is ir uzlabot JN\u012aP sniegto pakalpojumu kvalit\u0101ti, nodro\u0161inot procesu caursp\u012bd\u012bgumu, k\u0101 ar\u012b pilnveidot komunik\u0101ciju ar klientiem un sadarb\u012bbas partneriem.<\/p>\n<p>JN\u012aP ir uz\u0146\u0113mums, kas 100 procentu apm\u0113r\u0101 pieder Jelgavas pa\u0161vald\u012bbai un tam ir ilggad\u0113ja pieredze daudzdz\u012bvok\u013cu dz\u012bvojamo m\u0101ju p\u0101rvald\u012b\u0161an\u0101, k\u0101 ar\u012b energoefektivit\u0101tes paaugstin\u0101\u0161anas projektu \u012bsteno\u0161an\u0101. Uz\u0146\u0113mums tika dibin\u0101ts 1998. gad\u0101, apvienojot visas Jelgavas namu p\u0101rvaldes, un darbojas jau gandr\u012bz 30 gadus. Tas apliecina, ka JN\u012aP ir stabils tirgus dal\u012bbnieks daudzdz\u012bvok\u013cu dz\u012bvojamo m\u0101ju p\u0101rvald\u012b\u0161an\u0101.<\/p>\n<p>Jelgavas pa\u0161vald\u012bba inform\u0113 iedz\u012bvot\u0101jus, ka \u0161obr\u012bd attiec\u012bb\u0101 uz JN\u012aP netiek pl\u0101nota ne uz\u0146\u0113muma likvid\u0101cija, ne atsavin\u0101\u0161ana. Viena no pa\u0161vald\u012bbas autonomaj\u0101m funkcij\u0101m ir sniegt iedz\u012bvot\u0101jiem atbalstu m\u0101jok\u013ca jaut\u0101jumu risin\u0101\u0161an\u0101, k\u0101 ar\u012b veicin\u0101t dz\u012bvojam\u0101 fonda veido\u0161anu, uztur\u0113\u0161anu un moderniz\u0101ciju.<\/p>\n<p>K\u0101 100 procentu kapit\u0101lda\u013cu tur\u0113t\u0101ja Jelgavas valstspils\u0113tas pa\u0161vald\u012bba uz\u0146emas atbild\u012bbu par uz\u0146\u0113muma ilgtsp\u0113j\u012bgu att\u012bst\u012bbu un iedz\u012bvot\u0101jiem sniegto pakalpojumu kvalit\u0101ti. Tuv\u0101kajos gados paredz\u0113ts moderniz\u0113t uz\u0146\u0113muma darb\u012bbu, celt t\u0101 sniegto pakalpojumu kvalit\u0101ti, uzlabot klientu apkalpo\u0161anu un veicin\u0101t \u0113ku energoefektivit\u0101tes projektu \u012bsteno\u0161anu, lai iedz\u012bvot\u0101ji sa\u0146emtu m\u016bsdien\u012bgus un ekonomiski pamatotus pakalpojumus.<\/p>\n","protected":false},"excerpt":{"rendered":"Pa\u0161vald\u012bbas m\u0113r\u0137is ir uzlabot JN\u012aP sniegto pakalpojumu kvalit\u0101ti Tuv\u0101kaj\u0101 laik\u0101 pa\u0161vald\u012bba izsludin\u0101s konkursu uz SIA \u201cJelgavas nekustam\u0101 \u012bpa\u0161uma&hellip;\n","protected":false},"author":2,"featured_media":106082,"comment_status":"","ping_status":"","sticky":false,"template":"","format":"standard","meta":{"footnotes":""},"categories":[12],"tags":[23,28,29,32,33,22,30,31,35,39,38,36,37,34,40,20,26,27,24,25,21],"class_list":{"0":"post-106081","1":"post","2":"type-post","3":"status-publish","4":"format-standard","5":"has-post-thumbnail","7":"category-latvija","8":"tag-aktualitates","9":"tag-breaking-news","10":"tag-breakingnews","11":"tag-featured-news","12":"tag-featurednews","13":"tag-headlines","14":"tag-latest-news","15":"tag-latestnews","16":"tag-latvia","17":"tag-latvian","18":"tag-latviesu","19":"tag-latviesu-valoda","20":"tag-latviesuvaloda","21":"tag-latvija","22":"tag-lv","23":"tag-news","24":"tag-popularakas-zinas","25":"tag-popularakaszinas","26":"tag-top-stories","27":"tag-topstories","28":"tag-zinas"},"share_on_mastodon":{"url":"https:\/\/pubeurope.com\/@lv\/115903117565429843","error":""},"_links":{"self":[{"href":"https:\/\/www.europesays.com\/lv\/wp-json\/wp\/v2\/posts\/106081","targetHints":{"allow":["GET"]}}],"collection":[{"href":"https:\/\/www.europesays.com\/lv\/wp-json\/wp\/v2\/posts"}],"about":[{"href":"https:\/\/www.europesays.com\/lv\/wp-json\/wp\/v2\/types\/post"}],"author":[{"embeddable":true,"href":"https:\/\/www.europesays.com\/lv\/wp-json\/wp\/v2\/users\/2"}],"replies":[{"embeddable":true,"href":"https:\/\/www.europesays.com\/lv\/wp-json\/wp\/v2\/comments?post=106081"}],"version-history":[{"count":0,"href":"https:\/\/www.europesays.com\/lv\/wp-json\/wp\/v2\/posts\/106081\/revisions"}],"wp:featuredmedia":[{"embeddable":true,"href":"https:\/\/www.europesays.com\/lv\/wp-json\/wp\/v2\/media\/106082"}],"wp:attachment":[{"href":"https:\/\/www.europesays.com\/lv\/wp-json\/wp\/v2\/media?parent=106081"}],"wp:term":[{"taxonomy":"category","embeddable":true,"href":"https:\/\/www.europesays.com\/lv\/wp-json\/wp\/v2\/categories?post=106081"},{"taxonomy":"post_tag","embeddable":true,"href":"https:\/\/www.europesays.com\/lv\/wp-json\/wp\/v2\/tags?post=106081"}],"curies":[{"name":"wp","href":"https:\/\/api.w.org\/{rel}","templated":true}]}}