{"id":106084,"date":"2026-01-16T05:28:07","date_gmt":"2026-01-16T05:28:07","guid":{"rendered":"https:\/\/www.europesays.com\/lv\/106084\/"},"modified":"2026-01-16T05:28:07","modified_gmt":"2026-01-16T05:28:07","slug":"renars-uscins-palidz-vacijai-ar-uzvaru-sakt-eiropas-handbola-cempionatu-jauns-lv","status":"publish","type":"post","link":"https:\/\/www.europesays.com\/lv\/106084\/","title":{"rendered":"Ren\u0101rs U\u0161\u010dins pal\u012bdz V\u0101cijai ar uzvaru s\u0101kt Eiropas handbola \u010dempion\u0101tu &#8211; Jauns.lv"},"content":{"rendered":"<ol>\n<li><a href=\"https:\/\/news.google.com\/rss\/articles\/CBMirgFBVV95cUxQNGRlU0g2N0gtVk1MM05QS1N6ajBuTl9kaGxibnN1Z0Z1cHl0NDYyVk1vVUdMNE9yeUJKc1JuOVJrYWZ2a1VPakFkRW5BSUhYcUxmRlRid3phNTNyck12VTh0Nkx6SlhEVGRnZE9udWc5TUZROFNsNGZJXzRiQVMwN3E5RWx1SnZfNThZQi1IaGZjNHZqZHRoM0tZWWZEb0gxLVhhQ1ZiNG05bUR2bkE?oc=5\" target=\"_blank\" rel=\"nofollow noopener\">Ren\u0101rs U\u0161\u010dins pal\u012bdz V\u0101cijai ar uzvaru s\u0101kt Eiropas handbola \u010dempion\u0101tu<\/a>&nbsp;&nbsp;Jauns.lv<\/li>\n<li><a href=\"https:\/\/news.google.com\/rss\/articles\/CBMilwFBVV95cUxNa0N0U2lqN0U5dnVSeVZIZU1LcHF4RXVMUUNtUUV5VUh6dGE2U21qSGI0a1ZRTzRYeFllSFpxT0pHLXBLWHo5MWxRNnJWVlNBX0t5SWwtVDMxellPVWVPTVhnNFFxeGN1d2FrM0pYRXZlel85bEtIUHhfdHhGNDBHNjFBclJwTjZ6eDhkS3h4dXdVaWRxY05F?oc=5\" target=\"_blank\" rel=\"nofollow noopener\">E\u010c fin\u0101lturn\u012bra pirmaj\u0101 vakar\u0101 no favor\u012btiem viskutel\u012bg\u0101k kl\u0101jas sp\u0101\u0146iem un v\u0101cie\u0161iem \u2013 Handbols<\/a>&nbsp;&nbsp;Sportacentrs.com<\/li>\n<li><a href=\"https:\/\/news.google.com\/rss\/articles\/CBMi2gFBVV95cUxOcUV4Q0s1TkI3aF93VzNRNlMwR1ZScDFWVmtGWGJxemlGOGh0TkhWSE1zb1IzTXpHaXNWalNzeWZYMUVnbFlNakN1aVMyNEg2b3IwSm5OUnFvU0dQRFU1YjVpamUwaXU5d3NCOWNmRVEwOVREaUFXakItNGlPYzhrOVp5QWhGeEdraXdHRU83YVFFa3VyWWdINlRQY0thOUtHX1hVcE1DLXV6Y1ZVWThMd2ZuLS1sV0tPTmM3UXNmcW5yY0JxZEdyem5fTWNmeldyMVJ4OGxfYXlZQQ?oc=5\" target=\"_blank\" rel=\"nofollow noopener\">Ren\u0101rs U\u0161\u010dins pal\u012bdz V\u0101cijas handbola izlasei uzvar\u0113t Horv\u0101tiju pirms Eiropas \u010dempion\u0101ta<\/a>&nbsp;&nbsp;Lente.lv<\/li>\n<li><a href=\"https:\/\/news.google.com\/rss\/articles\/CBMilwFBVV95cUxQU0RfZUczN29ZTFJCTzE4aVd6aDdPLVRfc09UVnBHdzJCLTUxYmFqVTgzSW85dVNPRnFfRF9Bd0NuZFY4RnNpdEZNSXlwT1JtT280OU5JQ1VQbDJ3Yl9EZDJ0SDJQYjN5ZDhDRDlOQ1FHdUg4ekRnT0Y3MENpZFlNR2NIRU5uVm1zdG9pQlc1OTdMMWRJS3E0?oc=5\" target=\"_blank\" rel=\"nofollow noopener\">U\u0161\u010dins sekm\u0113 v\u0113l vienu V\u0101cijas pan\u0101kumu pirms E\u010c fin\u0101lturn\u012bra \u2013 Handbols<\/a>&nbsp;&nbsp;Sportacentrs.com<\/li>\n<li><a href=\"https:\/\/news.google.com\/rss\/articles\/CBMilwFBVV95cUxNWHNpMHR1bTdjaWZXTFJKVFgzSXptUzcyWGEySVB0bjdaTU55bXQzZ3dVZGFHT3ZaUXdOZkJWZ2I2c29kNXB4VjJqLWVLOEN0OHlMdndnRzBuQjZHcFJWdi1pVF9rTnR6Z0tMRkFGM1l6SzRxdmV6NXZPSUp1V0pZeDNEbGh1NmdabVlVVU1OQTZKWVYyUFhn?oc=5\" target=\"_blank\" rel=\"nofollow noopener\">U\u0161\u010dins gatavo\u0161an\u0101s sp\u0113l\u0113 pirms E\u010c pal\u012bdz pieveikt horv\u0101tus \u2013 Handbols<\/a>&nbsp;&nbsp;Sportacentrs.com<\/li>\n<\/ol>\n","protected":false},"excerpt":{"rendered":"Ren\u0101rs U\u0161\u010dins pal\u012bdz V\u0101cijai ar uzvaru s\u0101kt Eiropas handbola \u010dempion\u0101tu&nbsp;&nbsp;Jauns.lv E\u010c fin\u0101lturn\u012bra pirmaj\u0101 vakar\u0101 no favor\u012btiem viskutel\u012bg\u0101k kl\u0101jas&hellip;\n","protected":false},"author":2,"featured_media":106085,"comment_status":"","ping_status":"","sticky":false,"template":"","format":"standard","meta":{"footnotes":""},"categories":[17],"tags":[35,39,38,36,37,34,40,67],"class_list":{"0":"post-106084","1":"post","2":"type-post","3":"status-publish","4":"format-standard","5":"has-post-thumbnail","7":"category-sports","8":"tag-latvia","9":"tag-latvian","10":"tag-latviesu","11":"tag-latviesu-valoda","12":"tag-latviesuvaloda","13":"tag-latvija","14":"tag-lv","15":"tag-sports"},"share_on_mastodon":{"url":"https:\/\/pubeurope.com\/@lv\/115903129369710110","error":""},"_links":{"self":[{"href":"https:\/\/www.europesays.com\/lv\/wp-json\/wp\/v2\/posts\/106084","targetHints":{"allow":["GET"]}}],"collection":[{"href":"https:\/\/www.europesays.com\/lv\/wp-json\/wp\/v2\/posts"}],"about":[{"href":"https:\/\/www.europesays.com\/lv\/wp-json\/wp\/v2\/types\/post"}],"author":[{"embeddable":true,"href":"https:\/\/www.europesays.com\/lv\/wp-json\/wp\/v2\/users\/2"}],"replies":[{"embeddable":true,"href":"https:\/\/www.europesays.com\/lv\/wp-json\/wp\/v2\/comments?post=106084"}],"version-history":[{"count":0,"href":"https:\/\/www.europesays.com\/lv\/wp-json\/wp\/v2\/posts\/106084\/revisions"}],"wp:featuredmedia":[{"embeddable":true,"href":"https:\/\/www.europesays.com\/lv\/wp-json\/wp\/v2\/media\/106085"}],"wp:attachment":[{"href":"https:\/\/www.europesays.com\/lv\/wp-json\/wp\/v2\/media?parent=106084"}],"wp:term":[{"taxonomy":"category","embeddable":true,"href":"https:\/\/www.europesays.com\/lv\/wp-json\/wp\/v2\/categories?post=106084"},{"taxonomy":"post_tag","embeddable":true,"href":"https:\/\/www.europesays.com\/lv\/wp-json\/wp\/v2\/tags?post=106084"}],"curies":[{"name":"wp","href":"https:\/\/api.w.org\/{rel}","templated":true}]}}