{"id":106088,"date":"2026-01-16T05:32:07","date_gmt":"2026-01-16T05:32:07","guid":{"rendered":"https:\/\/www.europesays.com\/lv\/106088\/"},"modified":"2026-01-16T05:32:07","modified_gmt":"2026-01-16T05:32:07","slug":"ugunsgreks-jekabpils-novada-viens-bojagajusais-divi-izglabjas","status":"publish","type":"post","link":"https:\/\/www.europesays.com\/lv\/106088\/","title":{"rendered":"Ugunsgr\u0113ks J\u0113kabpils novad\u0101 \u2013 viens boj\u0101g\u0101ju\u0161ais, divi izgl\u0101bjas"},"content":{"rendered":"<p class=\"descr\">Tra\u0123isks ugunsgr\u0113ks noticis J\u0113kabpils pus\u0113. Tur no tr\u012bs cilv\u0113ku komp\u0101nijas, kas kop\u012bgi lietoja alkoholu, izdz\u012bvot izdev\u0101s vien diviem, kuri p\u0113d\u0113j\u0101 br\u012bd\u012b izskr\u0113ja no liesmojo\u0161as m\u0101jas, v\u0113sta &#8220;Degpunkt\u0101&#8221;.<\/p>\n<p>Vien no \u0137ie\u0123e\u013ciem m\u016br\u0113t\u0101 kr\u0101sns un skurstenis sp\u0113ju\u0161i iztur\u0113t liesmas, kas nopost\u012bja ne tikai koka namu, bet ar\u012b pa\u0146\u0113ma k\u0101das sievietes dz\u012bv\u012bbu.<\/p>\n<p>Valsts policij\u0101 uzs\u0101kts krimin\u0101lprocess, kura laik\u0101 tiks noskaidrots, k\u0101p\u0113c <a href=\"https:\/\/nra.lv\/birka\/ugunsgreks\/\" target=\"_blank\" rel=\"noopener nofollow\">ugunsgr\u0113ks<\/a> s\u0101k\u0101s. Viet\u0113jie iedz\u012bvot\u0101ji gan st\u0101sta, ka nam\u0101 deg\u0161anas dien\u0101 bija pas\u0113d\u0113\u0161ana vair\u0101kiem cilv\u0113kiem, kuras laik\u0101 vi\u0146i lietoja alkoholu. P\u0113c tam izc\u0113lies str\u012bds, k\u0101du mirkli v\u0113l\u0101k s\u0101ku\u0161\u0101s liesmas.<\/p>\n<blockquote><p>\u201cSieviete uzkrita uz pl\u012bts. Viens no kompanjoniem izsauca \u201c\u0101tros\u201d. Kam\u0113r vi\u0146\u0161 g\u0101ja zvan\u012bt, m\u0101ja s\u0101ka degt. Kaimi\u0146i piezvan\u012bja VUGD,\u201d st\u0101sta kaimi\u0146\u0161.<\/p><\/blockquote>\n<p>Nama saimnieks Igors pagaid\u0101m mitin\u0101s Ivara dz\u012bvokl\u012b.<\/p>\n<p>V\u012brie\u0161i skaidri atminas gan to, k\u0101 s\u0101kusies pas\u0113d\u0113\u0161ana pie Igora, gan ar\u012b to, cik strauji att\u012bst\u012bju\u0161ies turpm\u0101kie notikumi. Sieviete, kas atrad\u0101s ar vi\u0146iem kop\u0101, ar\u012b ikdien\u0101 dz\u012bvoja nu jau izn\u012bcin\u0101taj\u0101 m\u0101j\u0101 &#8211; katram bijusi sava istaba, ta\u010du kop\u012bga virtuve.<\/p>\n<p>\u201cS\u0101kum\u0101 vi\u0146a kop\u0101 ar mums dz\u0113ra. Vi\u0146a nokrita, es novilku vi\u0146u no kr\u0101sns. Tad v\u0113l nedega. M\u0113s iedz\u0113r\u0101m. Katrs aizg\u0101j\u0101m uz savu gultu. Uzc\u0113l\u0101mies, kad d\u016bmu pilns jau bija. Es vi\u0146u izr\u0101vu no gultas un teicu, ka j\u0101m\u016bk, bet viss ar d\u016bmiem. Mums elektr\u012bba nebija. Vi\u0146a dedzin\u0101ja sveces. \u201cKrutku\u201d tina av\u012bz\u0113s, bet no t\u0101 nevar\u0113ja b\u016bt. Es p\u0101rm\u016br\u0113ju kr\u0101sni. Baigais r\u012bbiens bija,\u201d st\u0101sta Ivars un Igors.<\/p>\n<p>Pie m\u0101jas sien\u0101m iek\u0161telp\u0101s biju\u0161as piestiprin\u0101tas kartona kastes, lai ilg\u0101k notur\u0113tu siltumu, ta\u010du \u0161aj\u0101 situ\u0101cij\u0101 t\u0101s tikai pa\u0101trin\u0101ja deg\u0161anu.<\/p>\n","protected":false},"excerpt":{"rendered":"Tra\u0123isks ugunsgr\u0113ks noticis J\u0113kabpils pus\u0113. Tur no tr\u012bs cilv\u0113ku komp\u0101nijas, kas kop\u012bgi lietoja alkoholu, izdz\u012bvot izdev\u0101s vien diviem,&hellip;\n","protected":false},"author":2,"featured_media":106089,"comment_status":"","ping_status":"","sticky":false,"template":"","format":"standard","meta":{"footnotes":""},"categories":[5],"tags":[23,28,29,32,33,22,30,31,35,39,38,36,37,34,40,20,26,27,24,25,21],"class_list":{"0":"post-106088","1":"post","2":"type-post","3":"status-publish","4":"format-standard","5":"has-post-thumbnail","7":"category-aktualitates","8":"tag-aktualitates","9":"tag-breaking-news","10":"tag-breakingnews","11":"tag-featured-news","12":"tag-featurednews","13":"tag-headlines","14":"tag-latest-news","15":"tag-latestnews","16":"tag-latvia","17":"tag-latvian","18":"tag-latviesu","19":"tag-latviesu-valoda","20":"tag-latviesuvaloda","21":"tag-latvija","22":"tag-lv","23":"tag-news","24":"tag-popularakas-zinas","25":"tag-popularakaszinas","26":"tag-top-stories","27":"tag-topstories","28":"tag-zinas"},"share_on_mastodon":{"url":"https:\/\/pubeurope.com\/@lv\/115903145102191164","error":""},"_links":{"self":[{"href":"https:\/\/www.europesays.com\/lv\/wp-json\/wp\/v2\/posts\/106088","targetHints":{"allow":["GET"]}}],"collection":[{"href":"https:\/\/www.europesays.com\/lv\/wp-json\/wp\/v2\/posts"}],"about":[{"href":"https:\/\/www.europesays.com\/lv\/wp-json\/wp\/v2\/types\/post"}],"author":[{"embeddable":true,"href":"https:\/\/www.europesays.com\/lv\/wp-json\/wp\/v2\/users\/2"}],"replies":[{"embeddable":true,"href":"https:\/\/www.europesays.com\/lv\/wp-json\/wp\/v2\/comments?post=106088"}],"version-history":[{"count":0,"href":"https:\/\/www.europesays.com\/lv\/wp-json\/wp\/v2\/posts\/106088\/revisions"}],"wp:featuredmedia":[{"embeddable":true,"href":"https:\/\/www.europesays.com\/lv\/wp-json\/wp\/v2\/media\/106089"}],"wp:attachment":[{"href":"https:\/\/www.europesays.com\/lv\/wp-json\/wp\/v2\/media?parent=106088"}],"wp:term":[{"taxonomy":"category","embeddable":true,"href":"https:\/\/www.europesays.com\/lv\/wp-json\/wp\/v2\/categories?post=106088"},{"taxonomy":"post_tag","embeddable":true,"href":"https:\/\/www.europesays.com\/lv\/wp-json\/wp\/v2\/tags?post=106088"}],"curies":[{"name":"wp","href":"https:\/\/api.w.org\/{rel}","templated":true}]}}