{"id":106090,"date":"2026-01-16T05:33:28","date_gmt":"2026-01-16T05:33:28","guid":{"rendered":"https:\/\/www.europesays.com\/lv\/106090\/"},"modified":"2026-01-16T05:33:28","modified_gmt":"2026-01-16T05:33:28","slug":"skarleta-johansone-zaude-visu-laiku-pelnosakas-kinozvaigznes-titulu-kurs-vinu-parspejis","status":"publish","type":"post","link":"https:\/\/www.europesays.com\/lv\/106090\/","title":{"rendered":"Sk\u0101rleta Johansone zaud\u0113 visu laiku pelno\u0161\u0101k\u0101s kinozvaigznes titulu. Kur\u0161 vi\u0146u p\u0101rsp\u0113jis?"},"content":{"rendered":"<p>\u201cEs \u0161os mirk\u013cus neuztveru k\u0101 pa\u0161saprotamus \u2014 tie ir iemesls, k\u0101p\u0113c es \u0161eit esmu,\u201d vi\u0146a turpin\u0101ja. \u201cTa\u010du, kad tu piedalies projekt\u0101, kas jau no pa\u0161a s\u0101kuma ir \u013coti \u012bpa\u0161s, bet pan\u0101kumu d\u0113\u013c ir p\u0101rv\u0113rties par komerci\u0101lu meh\u0101nismu, kur\u0161 prasa arvien vair\u0101k laika un darbojas pats par sevi\u2026 Ja vien tu neesi cilv\u0113ks, kuram projekt\u0101 ir rado\u0161\u0101 kontrole, tava k\u0101 m\u0101kslinieka ietekme [samazin\u0101s]. Tad tu k\u013c\u016bsti par maz\u0101ku da\u013cu liel\u0101 sist\u0113m\u0101.\u201d<\/p>\n","protected":false},"excerpt":{"rendered":"\u201cEs \u0161os mirk\u013cus neuztveru k\u0101 pa\u0161saprotamus \u2014 tie ir iemesls, k\u0101p\u0113c es \u0161eit esmu,\u201d vi\u0146a turpin\u0101ja. \u201cTa\u010du, kad&hellip;\n","protected":false},"author":2,"featured_media":106091,"comment_status":"","ping_status":"","sticky":false,"template":"","format":"standard","meta":{"footnotes":""},"categories":[19],"tags":[89,90,35,39,38,36,37,34,40],"class_list":{"0":"post-106090","1":"post","2":"type-post","3":"status-publish","4":"format-standard","5":"has-post-thumbnail","7":"category-izklaide","8":"tag-entertainment","9":"tag-izklaide","10":"tag-latvia","11":"tag-latvian","12":"tag-latviesu","13":"tag-latviesu-valoda","14":"tag-latviesuvaloda","15":"tag-latvija","16":"tag-lv"},"share_on_mastodon":{"url":"https:\/\/pubeurope.com\/@lv\/115903149065859154","error":""},"_links":{"self":[{"href":"https:\/\/www.europesays.com\/lv\/wp-json\/wp\/v2\/posts\/106090","targetHints":{"allow":["GET"]}}],"collection":[{"href":"https:\/\/www.europesays.com\/lv\/wp-json\/wp\/v2\/posts"}],"about":[{"href":"https:\/\/www.europesays.com\/lv\/wp-json\/wp\/v2\/types\/post"}],"author":[{"embeddable":true,"href":"https:\/\/www.europesays.com\/lv\/wp-json\/wp\/v2\/users\/2"}],"replies":[{"embeddable":true,"href":"https:\/\/www.europesays.com\/lv\/wp-json\/wp\/v2\/comments?post=106090"}],"version-history":[{"count":0,"href":"https:\/\/www.europesays.com\/lv\/wp-json\/wp\/v2\/posts\/106090\/revisions"}],"wp:featuredmedia":[{"embeddable":true,"href":"https:\/\/www.europesays.com\/lv\/wp-json\/wp\/v2\/media\/106091"}],"wp:attachment":[{"href":"https:\/\/www.europesays.com\/lv\/wp-json\/wp\/v2\/media?parent=106090"}],"wp:term":[{"taxonomy":"category","embeddable":true,"href":"https:\/\/www.europesays.com\/lv\/wp-json\/wp\/v2\/categories?post=106090"},{"taxonomy":"post_tag","embeddable":true,"href":"https:\/\/www.europesays.com\/lv\/wp-json\/wp\/v2\/tags?post=106090"}],"curies":[{"name":"wp","href":"https:\/\/api.w.org\/{rel}","templated":true}]}}