{"id":106094,"date":"2026-01-16T05:36:07","date_gmt":"2026-01-16T05:36:07","guid":{"rendered":"https:\/\/www.europesays.com\/lv\/106094\/"},"modified":"2026-01-16T05:36:07","modified_gmt":"2026-01-16T05:36:07","slug":"ukraina-nav-bijusi-un-nebus-skerslis-mieram","status":"publish","type":"post","link":"https:\/\/www.europesays.com\/lv\/106094\/","title":{"rendered":"Ukraina nav bijusi un neb\u016bs \u0161\u0137\u0113rslis mieram"},"content":{"rendered":"<p>&#8220;Tie\u0161i Krievijas ra\u0137etes, Krievijas \u0161ahedi, Krievijas m\u0113\u0123in\u0101jumi izn\u012bcin\u0101t Ukrainu ir skaidri pier\u0101d\u012bjumi tam, ka Krievijai vieno\u0161an\u0101s visp\u0101r nav vajadz\u012bga. Kad Krievijas d\u0113\u013c ukrai\u0146iem pa 20-30 stund\u0101m nav elektr\u012bbas un kad Krievijas triecienu m\u0113r\u0137is ir sagraut m\u016bsu ener\u0123\u0113tiku un m\u016bsu cilv\u0113kus, tad tie\u0161i <a href=\"https:\/\/www.apollo.lv\/term\/555452\/krievija\" class=\"topicLink\" target=\"_blank\" rel=\"nofollow noopener\">Krievija<\/a> ir t\u0101, uz kuru ir j\u0101izdara spiediens. Es pateicos visiem, kas \u0161aj\u0101 jaut\u0101jum\u0101 atbalsta Ukrainu. M\u0113s b\u016bsim daudz akt\u012bv\u0101ki sav\u0101 diplom\u0101tiskaj\u0101 darb\u0101 &#8211; gan publiskaj\u0101 un ofici\u0101laj\u0101, gan nevalstiskaj\u0101 un neofici\u0101laj\u0101,&#8221; sac\u012bja Ukrainas prezidents.<\/p>\n<p>Tramps intervij\u0101 a\u0123ent\u016brai &#8220;Reuters&#8221; \u0161oned\u0113\u013c teica, ka miera vieno\u0161an\u0101s nosl\u0113g\u0161anu kav\u0113jot Zelenskis, nevis Krievijas diktators Vladimirs Putins.<\/p>\n<p>&#8220;Dom\u0101ju, ka vi\u0146\u0161 [Putins] ir gatavs sl\u0113gt dar\u012bjumu. Dom\u0101ju, ka <a href=\"https:\/\/www.apollo.lv\/term\/8497\/ukraina\" class=\"topicLink\" target=\"_blank\" rel=\"nofollow noopener\">Ukraina<\/a> ir maz\u0101k gatava sl\u0113gt dar\u012bjumu,&#8221; sac\u012bja Tramps.<\/p>\n<p>Vi\u0146\u0161 apgalvoja, ka Krievijas diktators esot gatavs izbeigt iebrukumu Ukrain\u0101, kam\u0113r Zelenskis esot attur\u012bg\u0101ks.<\/p>\n<p>Uz jaut\u0101jumu, k\u0101p\u0113c ASV vad\u012bt\u0101s sarunas l\u012bdz \u0161im nav novedu\u0161as pie kara izbeig\u0161anas, Tramps atbild\u0113ja ar vienu v\u0101rdu: &#8220;Zelenskis.&#8221;<\/p>\n<p>&#8220;Es dom\u0101ju, ka vi\u0146am ir gr\u016bti tam piekrist,&#8221; p\u0113c preciz\u0113jo\u0161\u0101 jaut\u0101juma piebilda Tramps, ar to dom\u0101jot iesp\u0113jamos miera vieno\u0161an\u0101s nosac\u012bjumus.<\/p>\n","protected":false},"excerpt":{"rendered":"&#8220;Tie\u0161i Krievijas ra\u0137etes, Krievijas \u0161ahedi, Krievijas m\u0113\u0123in\u0101jumi izn\u012bcin\u0101t Ukrainu ir skaidri pier\u0101d\u012bjumi tam, ka Krievijai vieno\u0161an\u0101s visp\u0101r nav&hellip;\n","protected":false},"author":2,"featured_media":102421,"comment_status":"","ping_status":"","sticky":false,"template":"","format":"standard","meta":{"footnotes":""},"categories":[14],"tags":[23,57,28,29,32,33,22,234,74,30,31,35,39,38,36,37,34,40,20,26,27,24,25,276,54,55,56,21,58],"class_list":{"0":"post-106094","1":"post","2":"type-post","3":"status-publish","4":"format-standard","5":"has-post-thumbnail","7":"category-zinas-no-arvalstim","8":"tag-aktualitates","9":"tag-arvalstim","10":"tag-breaking-news","11":"tag-breakingnews","12":"tag-featured-news","13":"tag-featurednews","14":"tag-headlines","15":"tag-krievija","16":"tag-krievijas-iebrukums-ukraina","17":"tag-latest-news","18":"tag-latestnews","19":"tag-latvia","20":"tag-latvian","21":"tag-latviesu","22":"tag-latviesu-valoda","23":"tag-latviesuvaloda","24":"tag-latvija","25":"tag-lv","26":"tag-news","27":"tag-popularakas-zinas","28":"tag-popularakaszinas","29":"tag-top-stories","30":"tag-topstories","31":"tag-ukraina","32":"tag-world","33":"tag-world-news","34":"tag-worldnews","35":"tag-zinas","36":"tag-zinas-no-arvalstim"},"share_on_mastodon":{"url":"https:\/\/pubeurope.com\/@lv\/115903160841619331","error":""},"_links":{"self":[{"href":"https:\/\/www.europesays.com\/lv\/wp-json\/wp\/v2\/posts\/106094","targetHints":{"allow":["GET"]}}],"collection":[{"href":"https:\/\/www.europesays.com\/lv\/wp-json\/wp\/v2\/posts"}],"about":[{"href":"https:\/\/www.europesays.com\/lv\/wp-json\/wp\/v2\/types\/post"}],"author":[{"embeddable":true,"href":"https:\/\/www.europesays.com\/lv\/wp-json\/wp\/v2\/users\/2"}],"replies":[{"embeddable":true,"href":"https:\/\/www.europesays.com\/lv\/wp-json\/wp\/v2\/comments?post=106094"}],"version-history":[{"count":0,"href":"https:\/\/www.europesays.com\/lv\/wp-json\/wp\/v2\/posts\/106094\/revisions"}],"wp:featuredmedia":[{"embeddable":true,"href":"https:\/\/www.europesays.com\/lv\/wp-json\/wp\/v2\/media\/102421"}],"wp:attachment":[{"href":"https:\/\/www.europesays.com\/lv\/wp-json\/wp\/v2\/media?parent=106094"}],"wp:term":[{"taxonomy":"category","embeddable":true,"href":"https:\/\/www.europesays.com\/lv\/wp-json\/wp\/v2\/categories?post=106094"},{"taxonomy":"post_tag","embeddable":true,"href":"https:\/\/www.europesays.com\/lv\/wp-json\/wp\/v2\/tags?post=106094"}],"curies":[{"name":"wp","href":"https:\/\/api.w.org\/{rel}","templated":true}]}}