{"id":10611,"date":"2025-10-02T12:55:12","date_gmt":"2025-10-02T12:55:12","guid":{"rendered":"https:\/\/www.europesays.com\/lv\/10611\/"},"modified":"2025-10-02T12:55:12","modified_gmt":"2025-10-02T12:55:12","slug":"saeima-noraidita-iecere-pastavigi-slegt-gaisa-telpu-pie-austrumu-robezas-2","status":"publish","type":"post","link":"https:\/\/www.europesays.com\/lv\/10611\/","title":{"rendered":"Saeim\u0101 noraid\u012bta iecere past\u0101v\u012bgi sl\u0113gt gaisa telpu pie austrumu robe\u017eas"},"content":{"rendered":"<p>Saeima ceturtdien noraid\u012bja Nacion\u0101l\u0101s apvien\u012bbas (NA) ieceri past\u0101v\u012bgi sl\u0113gt Latvijas gaisa telpu pie austrumu robe\u017eas l\u012bdz turpm\u0101kam vald\u012bbas l\u0113mumam, bet vismaz l\u012bdz Krievij\u0101 un Baltkrievij\u0101 notieko\u0161o milit\u0101ro m\u0101c\u012bbu &#8220;Zapad&#8221; beig\u0101m.<\/p>\n<p>&#8220;Progres\u012bvo&#8221; Saeimas frakcijas vad\u012bt\u0101js Andris \u0160uvajevs Saeimas s\u0113d\u0113 nor\u0101d\u012bja, ka Latvijas gaisa telpa Austrumu pierobe\u017e\u0101 ir sl\u0113gta l\u012bdz 8.oktobrim, un, lai ar\u012b akt\u012bv\u0101 milit\u0101ro m\u0101c\u012bbu &#8220;Namejs&#8221; f\u0101ze ir nosl\u0113gusies, Latvijas armija ir paaugstin\u0101t\u0101 gatav\u012bb\u0101.<\/p>\n<p>Vi\u0146\u0161 nor\u0101d\u012bja, ka par t\u0101l\u0101kiem gaisa telpas ierobe\u017eojumiem tiks lemts p\u0113c Latvijas armijas izv\u0113rt\u0113juma un koordin\u0101cijas ar Baltijas valst\u012bm.<\/p>\n<p>NA bija nor\u0101d\u012bjusi, ka \u0161\u0101ds solis esot b\u016btisks, lai stiprin\u0101tu Latvijas dro\u0161\u012bbu un nov\u0113rstu iesp\u0113jamas provok\u0101cijas.<\/p>\n<p>NA atz\u012bm\u0113jusi, ka 25.septembr\u012b tikusi konstat\u0113ta k\u0101rt\u0113j\u0101 provok\u0101cija &#8211; pieci Krievijas izn\u012bcin\u0101t\u0101ji tuvoj\u0101s NATO gaisa telpai rietumos no Latvijas piekrastes, neiev\u0113rojot starptautiskos lidojumu dro\u0161\u012bbas noteikumus. No \u0160au\u013cu aviob\u0101zes pac\u0113l\u0101s Ung\u0101rijas izn\u012bcin\u0101t\u0101ji &#8220;Gripen&#8221;, lai p\u0101rtvertu un eskort\u0113tu Krievijas izn\u012bcin\u0101t\u0101jus proj\u0101m.<\/p>\n<p>Saeimas deput\u0101te In\u0101ra M\u016brniece (NA) paudusi, ka milit\u0101ro m\u0101c\u012bbu &#8220;Zapad&#8221; laik\u0101 tiek aktiviz\u0113ti iev\u0113rojami milit\u0101rie resursi, kuru kl\u0101tb\u016btne Baltijas valstu tuvum\u0101 nebeidzas l\u012bdz ar m\u0101c\u012bbu akt\u012bv\u0101s f\u0101zes nosl\u0113gumu.<\/p>\n<p>K\u0101 nor\u0101d\u012bja M\u016brniece, v\u0113sturiski pier\u0101d\u012bjies, ka \u0161\u0101dos periodos palielin\u0101s hibr\u012bddraudu un izl\u016bko\u0161anas risku iesp\u0113jam\u012bba, k\u0101 ar\u012b nov\u0113rojama agres\u012bva retorika un darb\u012bbas, kas v\u0113rstas uz NATO austrumu flanga destabiliz\u0113\u0161anu. &#8220;To redzam ar\u012b \u0161obr\u012bd, kad jau virkne Eiropas valstu piedz\u012bvoju\u0161as da\u017e\u0101da veida gaisa telpas p\u0101rk\u0101pumus. Ar\u012b p\u0113c m\u0101c\u012bbu akt\u012bv\u0101s f\u0101zes beig\u0101m nepiecie\u0161ams saglab\u0101t pastiprin\u0101tu kontroli Latvijas austrumu gaisa telp\u0101, lai nov\u0113rstu iesp\u0113jamas izl\u016bko\u0161anas vai cita veida darb\u012bbas,&#8221; teica M\u016brniece.<\/p>\n<p>NA atg\u0101din\u0101ja, ka pirms &#8220;Zapad&#8221; m\u0101c\u012bbu s\u0101kuma politiskais sp\u0113ks rosin\u0101ja piln\u012bb\u0101 sl\u0113gt Latvijas robe\u017eu ar Krieviju un Baltkrieviju uz \u0161o milit\u0101ro m\u0101c\u012bbu laiku. Tika pie\u0146emts l\u0113mums l\u012bdz 18.septembrim sl\u0113gt Latvijas gaisa telpu pie austrumu robe\u017eas. P\u0113c \u0161\u012b termi\u0146a tika lemts pagarin\u0101t gaisa telpas sl\u0113g\u0161anu l\u012bdz 8.oktobrim, ta\u010du tikai diennakts tum\u0161aj\u0101 laik\u0101 no plkst.20 l\u012bdz 7. NA ieskat\u0101, gaisa telpas zona j\u0101patur sl\u0113gta ar\u012b p\u0113c \u0161obr\u012bd noteikt\u0101 termi\u0146a, turkl\u0101t sl\u0113dzot to visu diennakti, nevis tikai tum\u0161aj\u0101 laik\u0101.<\/p>\n<p>NA nor\u0101d\u012bja uz virkni incidentu, kas notiku\u0161i p\u0113d\u0113jo ned\u0113\u013cu laik\u0101. S\u0101kotn\u0113ji NA rosin\u0101ja sl\u0113gt robe\u017eu, rea\u0123\u0113jot uz 10.septembr\u012b Polijas gaisa telpu p\u0101rk\u0101pu\u0161ajiem Krievijas bezpilota lidapar\u0101tiem. 18.septembr\u012b publiski izskan\u0113ja inform\u0101cija par Ventspils novada V\u0101rves pagasta pludmal\u0113 atrasto, p\u0113c Nacion\u0101lo bru\u0146oto sp\u0113ku publiski paust\u0101, visticam\u0101k, Krievijas drona &#8220;Gerbera&#8221; atl\u016bzu. 22.septembr\u012b p\u0113c neidentific\u0113tu dronu konstat\u0113\u0161anas tika sl\u0113gta Kopenh\u0101genas lidosta D\u0101nij\u0101, 23.septembr\u012b &#8211; Oslo lidosta Norv\u0113\u0123ij\u0101. 24.septembr\u012b droni tika paman\u012bti virs Olborgas lidostas D\u0101nij\u0101, nakt\u012b uz 25.septembri &#8211; virs lidost\u0101m Esbjerg\u0101 un Senderborg\u0101, k\u0101 ar\u012b virs Vojensas milit\u0101r\u0101 lidlauka, kur izvietoti D\u0101nijas gaisa sp\u0113ku izn\u012bcin\u0101t\u0101ji.<\/p>\n<p>K\u0101 nor\u0101d\u012bja NA, droni neb\u016bt nav vien\u012bgais instruments, ko Krievija izmanto, lai p\u0101rk\u0101ptu un test\u0113tu sabiedroto gaisa telpas. 19.septembr\u012b tr\u012bs Krievijas izn\u012bcin\u0101t\u0101ji &#8220;MiG-31&#8221; bez at\u013caujas p\u0101rk\u0101pa Igaunijas gaisa telpu, taj\u0101 uzturoties 12 min\u016btes. Igaunija piepras\u012bja NATO konsult\u0101cijas atbilsto\u0161i Zieme\u013catlantijas l\u012bguma 4.pantam. Turpret\u012b 24.septembr\u012b Krievijas kara lidma\u0161\u012bna Baltijas j\u016br\u0101 veica milit\u0101ru provok\u0101ciju &#8211; p\u0101rlidoja p\u0101r V\u0101cijas karaflotes regati &#8220;Hamburg&#8221;, kas piedal\u012bj\u0101s NATO manevros &#8220;Neptune Strike&#8221;.<\/p>\n<p>Rea\u0123\u0113jot uz \u0161iem notikumiem, NA rosin\u0101ja past\u0101v\u012bgi sl\u0113gt Latvijas gaisa telpu gar robe\u017eu ar Krieviju un Baltkrieviju l\u012bdz turpm\u0101kam vald\u012bbas l\u0113mumam, bet vismaz l\u012bdz milit\u0101ro m\u0101c\u012bbu &#8220;Zapad 2025&#8221; beig\u0101m. K\u0101 nor\u0101da NA, notieko\u0161ais liecina, ka Krievija arvien turpin\u0101s p\u0101rbaud\u012bt NATO sp\u0113jas un paciet\u012bbu, un Latvijai j\u0101r\u0113\u0137in\u0101s ar paaugstin\u0101tu apdraud\u0113juma un dro\u0161\u012bbas risku l\u012bmeni.<\/p>\n<p>Gaisa telpas sl\u0113g\u0161ana \u0161\u0101d\u0101 situ\u0101cij\u0101 NA ieskat\u0101 nepiecie\u0161ama, lai atbild\u012bg\u0101s iest\u0101des var\u0113tu nodro\u0161in\u0101t atbilsto\u0161u kontroli, k\u0101 ar\u012b lai sniegtu skaidru sign\u0101lu sabiedr\u012bbai un starptautiskajiem partneriem, ka Latvija ir gatava sarg\u0101t savu suverenit\u0101ti.<\/p>\n<p>NA uzsv\u0113ra, ka Latvijas dro\u0161\u012bba nedr\u012bkst b\u016bt pak\u013cauta kompromisiem. &#8220;Tikai izl\u0113m\u012bga un saska\u0146ota r\u012bc\u012bba \u013caus nov\u0113rst potenci\u0101lus draudus un stiprin\u0101t m\u016bsu valsts aizsardz\u012bbas sp\u0113jas \u0161ajos \u0123eopolitiski saspringtajos apst\u0101k\u013cos,&#8221; paudis politiskais sp\u0113ks.<\/p>\n<p><img decoding=\"async\" src=\"https:\/\/www.europesays.com\/lv\/wp-content\/uploads\/2025\/10\/a155bddb17c955cccaeb18613bc41162.png\" title=\"Dzelo\u0146stiep\u013cu \u017eogs uz Latvijas-Baltkrievijas. Foto: Ivars Soik\u0101ns\/LETA\" alt=\"Dzelo\u0146stiep\u013cu \u017eogs uz Latvijas-Baltkrievijas. Foto: Ivars Soik\u0101ns\/LETA\"\/><\/p>\n<p class=\"article-img-desc\">Dzelo\u0146stiep\u013cu \u017eogs uz Latvijas-Baltkrievijas. Foto: Ivars Soik\u0101ns\/LETA<\/p>\n","protected":false},"excerpt":{"rendered":"Saeima ceturtdien noraid\u012bja Nacion\u0101l\u0101s apvien\u012bbas (NA) ieceri past\u0101v\u012bgi sl\u0113gt Latvijas gaisa telpu pie austrumu robe\u017eas l\u012bdz turpm\u0101kam vald\u012bbas&hellip;\n","protected":false},"author":2,"featured_media":10606,"comment_status":"","ping_status":"","sticky":false,"template":"","format":"standard","meta":{"footnotes":""},"categories":[14],"tags":[129,1450,3781,2334,4004,4007,1209,23,57,28,29,32,33,22,30,31,35,39,38,36,37,34,40,20,26,27,4008,1451,2335,1210,4005,3782,4009,1452,2336,1211,4006,3783,24,25,54,55,56,21,58],"class_list":{"0":"post-10611","1":"post","2":"type-post","3":"status-publish","4":"format-standard","5":"has-post-thumbnail","7":"category-zinas-no-arvalstim","8":"tag-__typenameadvicekeyword","9":"tag-id1045","10":"tag-id1059","11":"tag-id554","12":"tag-id575","13":"tag-id616","14":"tag-id824","15":"tag-aktualitates","16":"tag-arvalstim","17":"tag-breaking-news","18":"tag-breakingnews","19":"tag-featured-news","20":"tag-featurednews","21":"tag-headlines","22":"tag-latest-news","23":"tag-latestnews","24":"tag-latvia","25":"tag-latvian","26":"tag-latviesu","27":"tag-latviesu-valoda","28":"tag-latviesuvaloda","29":"tag-latvija","30":"tag-lv","31":"tag-news","32":"tag-popularakas-zinas","33":"tag-popularakaszinas","34":"tag-slugbaltkrievija","35":"tag-slugdrosiba","36":"tag-slugkrievija","37":"tag-slugpolitika","38":"tag-slugsaeima","39":"tag-slugvalsts-robezsardze","40":"tag-titlebaltkrievija","41":"tag-titledrosiba","42":"tag-titlekrievija","43":"tag-titlepolitika","44":"tag-titlesaeima","45":"tag-titlevalsts-robezsardze","46":"tag-top-stories","47":"tag-topstories","48":"tag-world","49":"tag-world-news","50":"tag-worldnews","51":"tag-zinas","52":"tag-zinas-no-arvalstim"},"share_on_mastodon":{"url":"","error":""},"_links":{"self":[{"href":"https:\/\/www.europesays.com\/lv\/wp-json\/wp\/v2\/posts\/10611","targetHints":{"allow":["GET"]}}],"collection":[{"href":"https:\/\/www.europesays.com\/lv\/wp-json\/wp\/v2\/posts"}],"about":[{"href":"https:\/\/www.europesays.com\/lv\/wp-json\/wp\/v2\/types\/post"}],"author":[{"embeddable":true,"href":"https:\/\/www.europesays.com\/lv\/wp-json\/wp\/v2\/users\/2"}],"replies":[{"embeddable":true,"href":"https:\/\/www.europesays.com\/lv\/wp-json\/wp\/v2\/comments?post=10611"}],"version-history":[{"count":0,"href":"https:\/\/www.europesays.com\/lv\/wp-json\/wp\/v2\/posts\/10611\/revisions"}],"wp:featuredmedia":[{"embeddable":true,"href":"https:\/\/www.europesays.com\/lv\/wp-json\/wp\/v2\/media\/10606"}],"wp:attachment":[{"href":"https:\/\/www.europesays.com\/lv\/wp-json\/wp\/v2\/media?parent=10611"}],"wp:term":[{"taxonomy":"category","embeddable":true,"href":"https:\/\/www.europesays.com\/lv\/wp-json\/wp\/v2\/categories?post=10611"},{"taxonomy":"post_tag","embeddable":true,"href":"https:\/\/www.europesays.com\/lv\/wp-json\/wp\/v2\/tags?post=10611"}],"curies":[{"name":"wp","href":"https:\/\/api.w.org\/{rel}","templated":true}]}}