{"id":106121,"date":"2026-01-16T06:10:07","date_gmt":"2026-01-16T06:10:07","guid":{"rendered":"https:\/\/www.europesays.com\/lv\/106121\/"},"modified":"2026-01-16T06:10:07","modified_gmt":"2026-01-16T06:10:07","slug":"dzonatans-kuminga-pieprasijis-mainu-no-goldensteitas-warriors-lente-lv-2","status":"publish","type":"post","link":"https:\/\/www.europesays.com\/lv\/106121\/","title":{"rendered":"D\u017eonatans Kuminga piepras\u012bjis mai\u0146u no Goldensteitas &#8220;Warriors&#8221;\u00a0\u2014\u00a0Lente.lv"},"content":{"rendered":"<p>Uzbruc\u0113js v\u0113las pamest komandu<\/p>\n<p>Goldensteitas &#8220;Warriors&#8221; uzbruc\u0113js D\u017eonatans Kuminga ir piepras\u012bjis mai\u0146u, k\u013c\u016bstot par ofici\u0101li pieejamu mai\u0146as dar\u012bjumu tirg\u016b. Vi\u0146a piepras\u012bjums nav p\u0101rsteigums, jo runas par vi\u0146a v\u0113lmi main\u012bt komandu kl\u012bda jau ilg\u0101ku laiku.<\/p>\n<p>Iemesli un motiv\u0101cija<\/p>\n<p>Kuminga, kur\u0161 \u0161osezon nav sp\u0113l\u0113jis kop\u0161 19. decembra, ir izspiedies no komandas rot\u0101cijas. Neraugoties uz to, ka vi\u0146\u0161 \u0161\u012bs sezonas s\u0101kum\u0101 bija &#8220;Warriors&#8221; starta pieciniek\u0101, vi\u0146a loma komand\u0101 samazin\u0101j\u0101s. Zi\u0146ojumi liecina, ka Kuminga uzskata, ka vi\u0146am uzspiestais l\u012bgums vasar\u0101 pasliktin\u0101ja attiec\u012bbas ar komandas vad\u012bbu. Vi\u0146a l\u012bgums ietver komandas opciju 24,3 miljonu ASV dol\u0101ru apm\u0113r\u0101 2026.-2027. gada sezonai, kas noz\u012bm\u0113, ka vi\u0146u var uzskat\u012bt par potenci\u0101lu expiring deal.<\/p>\n<p>Potenci\u0101l\u0101s komandas un tirdzniec\u012bbas v\u0113rt\u012bba<\/p>\n<p>Interesi par Kumingas ieg\u016b\u0161anu izr\u0101d\u012bju\u0161as t\u0101das komandas k\u0101 Sakramento &#8220;Kings&#8221; un Dalasas &#8220;Mavericks&#8221;. Tom\u0113r Kumingas tirdzniec\u012bbas v\u0113rt\u012bba ir samazin\u0101jusies, \u012bpa\u0161i p\u0113c tam, kad vi\u0146a sp\u0113les laiks tika ierobe\u017eots. &#8220;Kings&#8221; vasar\u0101 pied\u0101v\u0101ja Malik Monk un pirm\u0101s k\u0101rtas drafta izv\u0113li, ta\u010du \u0161is pied\u0101v\u0101jums vairs nav sp\u0113k\u0101. &#8220;Warriors&#8221; priorit\u0101te mai\u0146as dar\u012bjumos ir ieg\u016bt sp\u0113l\u0113t\u0101jus ar beigu\u0161os l\u012bgumu vai drafta izv\u0113les, izvairoties no ilgtermi\u0146a saist\u012bb\u0101m.<\/p>\n<p>N\u0101kamie so\u013ci<\/p>\n<p>Lai gan &#8220;Warriors&#8221; ir pazi\u0146oju\u0161i, ka ir gatavi patur\u0113t Kuminga l\u012bdz vasarai, ja nesa\u0146ems v\u0113rt\u012bgu pied\u0101v\u0101jumu, daudzi uzskata, ka abas puses ir gatavas \u0161\u0137irties. NBA mai\u0146as dar\u012bjumu termi\u0146\u0161 ir 5. febru\u0101ris, t\u0101p\u0113c laiks ir ierobe\u017eots, lai atrastu ab\u0101m pus\u0113m izdev\u012bgu risin\u0101jumu.<\/p>\n","protected":false},"excerpt":{"rendered":"Uzbruc\u0113js v\u0113las pamest komandu Goldensteitas &#8220;Warriors&#8221; uzbruc\u0113js D\u017eonatans Kuminga ir piepras\u012bjis mai\u0146u, k\u013c\u016bstot par ofici\u0101li pieejamu mai\u0146as dar\u012bjumu&hellip;\n","protected":false},"author":2,"featured_media":106093,"comment_status":"","ping_status":"","sticky":false,"template":"","format":"standard","meta":{"footnotes":""},"categories":[17],"tags":[145,25377,7911,35,39,38,36,37,34,40,25378,1258,67],"class_list":{"0":"post-106121","1":"post","2":"type-post","3":"status-publish","4":"format-standard","5":"has-post-thumbnail","7":"category-sports","8":"tag-basketbols","9":"tag-dzonatans-kuminga","10":"tag-goldensteitas-warriors","11":"tag-latvia","12":"tag-latvian","13":"tag-latviesu","14":"tag-latviesu-valoda","15":"tag-latviesuvaloda","16":"tag-latvija","17":"tag-lv","18":"tag-mainas-darijumi","19":"tag-nba","20":"tag-sports"},"share_on_mastodon":{"url":"https:\/\/pubeurope.com\/@lv\/115903294527769790","error":""},"_links":{"self":[{"href":"https:\/\/www.europesays.com\/lv\/wp-json\/wp\/v2\/posts\/106121","targetHints":{"allow":["GET"]}}],"collection":[{"href":"https:\/\/www.europesays.com\/lv\/wp-json\/wp\/v2\/posts"}],"about":[{"href":"https:\/\/www.europesays.com\/lv\/wp-json\/wp\/v2\/types\/post"}],"author":[{"embeddable":true,"href":"https:\/\/www.europesays.com\/lv\/wp-json\/wp\/v2\/users\/2"}],"replies":[{"embeddable":true,"href":"https:\/\/www.europesays.com\/lv\/wp-json\/wp\/v2\/comments?post=106121"}],"version-history":[{"count":0,"href":"https:\/\/www.europesays.com\/lv\/wp-json\/wp\/v2\/posts\/106121\/revisions"}],"wp:featuredmedia":[{"embeddable":true,"href":"https:\/\/www.europesays.com\/lv\/wp-json\/wp\/v2\/media\/106093"}],"wp:attachment":[{"href":"https:\/\/www.europesays.com\/lv\/wp-json\/wp\/v2\/media?parent=106121"}],"wp:term":[{"taxonomy":"category","embeddable":true,"href":"https:\/\/www.europesays.com\/lv\/wp-json\/wp\/v2\/categories?post=106121"},{"taxonomy":"post_tag","embeddable":true,"href":"https:\/\/www.europesays.com\/lv\/wp-json\/wp\/v2\/tags?post=106121"}],"curies":[{"name":"wp","href":"https:\/\/api.w.org\/{rel}","templated":true}]}}