{"id":106122,"date":"2026-01-16T06:13:11","date_gmt":"2026-01-16T06:13:11","guid":{"rendered":"https:\/\/www.europesays.com\/lv\/106122\/"},"modified":"2026-01-16T06:13:11","modified_gmt":"2026-01-16T06:13:11","slug":"vai-esam-jau-kluvusi-par-nabadzigako-es-valsti","status":"publish","type":"post","link":"https:\/\/www.europesays.com\/lv\/106122\/","title":{"rendered":"Vai esam jau k\u013cuvu\u0161i par nabadz\u012bg\u0101ko ES valsti?"},"content":{"rendered":"<p class=\"MsoNormal\">Lai ar\u012b varam run\u0101t, ka p\u0113c ekonomikas apjoma un algu lieluma l\u0113n\u0101m tuvojamies Eiropas Savien\u012bbas (ES) vid\u0113jam l\u012bmenim, m\u016bsu iepriek\u0161 att\u012bst\u012bt\u0101s ekonomisk\u0101s jaudas un iedz\u012bvot\u0101ju labkl\u0101j\u012bba da\u017eu gadu laik\u0101 ir Latviju nob\u012bd\u012bju\u0161as savien\u012bbas valstu tabulas pa\u0161\u0101 lejasgal\u0101.<\/p>\n<p>Laika posm\u0101 no 2021. gada ekonomiskaj\u0101 sacens\u012bb\u0101 sev pa priek\u0161u esam palaidu\u0161i ar\u012b Grie\u0137iju un Horv\u0101tiju\u2026.<\/p>\n","protected":false},"excerpt":{"rendered":"Lai ar\u012b varam run\u0101t, ka p\u0113c ekonomikas apjoma un algu lieluma l\u0113n\u0101m tuvojamies Eiropas Savien\u012bbas (ES) vid\u0113jam l\u012bmenim,&hellip;\n","protected":false},"author":2,"featured_media":106123,"comment_status":"","ping_status":"","sticky":false,"template":"","format":"standard","meta":{"footnotes":""},"categories":[12],"tags":[23,28,29,47,32,33,22,9497,30,31,35,39,38,36,37,34,40,20,25384,26,27,24,25,3149,21],"class_list":{"0":"post-106122","1":"post","2":"type-post","3":"status-publish","4":"format-standard","5":"has-post-thumbnail","7":"category-latvija","8":"tag-aktualitates","9":"tag-breaking-news","10":"tag-breakingnews","11":"tag-ekonomika","12":"tag-featured-news","13":"tag-featurednews","14":"tag-headlines","15":"tag-ikp","16":"tag-latest-news","17":"tag-latestnews","18":"tag-latvia","19":"tag-latvian","20":"tag-latviesu","21":"tag-latviesu-valoda","22":"tag-latviesuvaloda","23":"tag-latvija","24":"tag-lv","25":"tag-news","26":"tag-paterins","27":"tag-popularakas-zinas","28":"tag-popularakaszinas","29":"tag-top-stories","30":"tag-topstories","31":"tag-tvnet-bizness","32":"tag-zinas"},"share_on_mastodon":{"url":"https:\/\/pubeurope.com\/@lv\/115903306315681574","error":""},"_links":{"self":[{"href":"https:\/\/www.europesays.com\/lv\/wp-json\/wp\/v2\/posts\/106122","targetHints":{"allow":["GET"]}}],"collection":[{"href":"https:\/\/www.europesays.com\/lv\/wp-json\/wp\/v2\/posts"}],"about":[{"href":"https:\/\/www.europesays.com\/lv\/wp-json\/wp\/v2\/types\/post"}],"author":[{"embeddable":true,"href":"https:\/\/www.europesays.com\/lv\/wp-json\/wp\/v2\/users\/2"}],"replies":[{"embeddable":true,"href":"https:\/\/www.europesays.com\/lv\/wp-json\/wp\/v2\/comments?post=106122"}],"version-history":[{"count":0,"href":"https:\/\/www.europesays.com\/lv\/wp-json\/wp\/v2\/posts\/106122\/revisions"}],"wp:featuredmedia":[{"embeddable":true,"href":"https:\/\/www.europesays.com\/lv\/wp-json\/wp\/v2\/media\/106123"}],"wp:attachment":[{"href":"https:\/\/www.europesays.com\/lv\/wp-json\/wp\/v2\/media?parent=106122"}],"wp:term":[{"taxonomy":"category","embeddable":true,"href":"https:\/\/www.europesays.com\/lv\/wp-json\/wp\/v2\/categories?post=106122"},{"taxonomy":"post_tag","embeddable":true,"href":"https:\/\/www.europesays.com\/lv\/wp-json\/wp\/v2\/tags?post=106122"}],"curies":[{"name":"wp","href":"https:\/\/api.w.org\/{rel}","templated":true}]}}