{"id":106148,"date":"2026-01-16T06:54:07","date_gmt":"2026-01-16T06:54:07","guid":{"rendered":"https:\/\/www.europesays.com\/lv\/106148\/"},"modified":"2026-01-16T06:54:07","modified_gmt":"2026-01-16T06:54:07","slug":"dubultojies-brivpratigo-skaits-kas-pieteikusies-valsts-aizsardzibas-dienestam","status":"publish","type":"post","link":"https:\/\/www.europesays.com\/lv\/106148\/","title":{"rendered":"Dubultojies br\u012bvpr\u0101t\u012bgo skaits, kas pieteiku\u0161ies Valsts aizsardz\u012bbas dienestam"},"content":{"rendered":"<p>Vi\u0146\u0161 inform\u0113ja, ka VAD \u0161\u012b gada j\u016blija iesaukumam uz 1470 karav\u012bru viet\u0101m ir pieteiku\u0161ies 1560 br\u012bvpr\u0101t\u012bgie, kas teor\u0113tiski noz\u012bm\u0113, ka, ja visi br\u012bvpr\u0101t\u012bgie b\u016bs der\u012bgi dienestam, izlozes k\u0101rt\u012bb\u0101 vairs nevienu iesaukt nevajadz\u0113tu. Tom\u0113r prakse liecina, ka l\u012bdz pat tre\u0161da\u013cai br\u012bvpr\u0101t\u012bgo tiek atz\u012bti par dienestam neder\u012bgiem, t\u0101p\u0113c paredzams, ka ar\u012b \u0161aj\u0101 reiz\u0113 21. janv\u0101r\u012b vajadz\u0113s p\u0113c nejau\u0161\u012bbas principa iesaukt v\u0113l da\u017eus simtus no tiem, kuri pa\u0161i nepieteic\u0101s, skaidroja ministrs.<\/p>\n<p>Spr\u016bds apliecin\u0101ja, ka to cilv\u0113ku skaitam, kas br\u012bvpr\u0101t\u012bgi piesak\u0101s VAD, ir tendence pieaugt, piem\u0113ram, sal\u012bdzinot ar pag\u0101ju\u0161o gadu, tas ir pat dubultojies. &#8220;Br\u012bvpr\u0101t\u012bgie tie\u0161\u0101m par\u0101da savu interesi, ir jaunie\u0161i, kas ir akt\u012bvi gatavi iesaist\u012bties, un es varu teikt, ka m\u0113s noteikti varam lepoties ar jaunie\u0161iem, kas ir gatavi \u0161o dienestu uzsaukt. Un es, protams, aicinu ar\u012b turpin\u0101t \u0161\u0101d\u0101 gar\u0101,&#8221; sac\u012bja politi\u0137is.<\/p>\n","protected":false},"excerpt":{"rendered":"Vi\u0146\u0161 inform\u0113ja, ka VAD \u0161\u012b gada j\u016blija iesaukumam uz 1470 karav\u012bru viet\u0101m ir pieteiku\u0161ies 1560 br\u012bvpr\u0101t\u012bgie, kas teor\u0113tiski&hellip;\n","protected":false},"author":2,"featured_media":106149,"comment_status":"","ping_status":"","sticky":false,"template":"","format":"standard","meta":{"footnotes":""},"categories":[5],"tags":[1546,23,463,28,29,32,33,22,30,31,35,39,38,36,37,34,40,20,26,27,24,25,21],"class_list":{"0":"post-106148","1":"post","2":"type-post","3":"status-publish","4":"format-standard","5":"has-post-thumbnail","7":"category-aktualitates","8":"tag-aizsardziba","9":"tag-aktualitates","10":"tag-armija","11":"tag-breaking-news","12":"tag-breakingnews","13":"tag-featured-news","14":"tag-featurednews","15":"tag-headlines","16":"tag-latest-news","17":"tag-latestnews","18":"tag-latvia","19":"tag-latvian","20":"tag-latviesu","21":"tag-latviesu-valoda","22":"tag-latviesuvaloda","23":"tag-latvija","24":"tag-lv","25":"tag-news","26":"tag-popularakas-zinas","27":"tag-popularakaszinas","28":"tag-top-stories","29":"tag-topstories","30":"tag-zinas"},"share_on_mastodon":{"url":"https:\/\/pubeurope.com\/@lv\/115903467544132131","error":""},"_links":{"self":[{"href":"https:\/\/www.europesays.com\/lv\/wp-json\/wp\/v2\/posts\/106148","targetHints":{"allow":["GET"]}}],"collection":[{"href":"https:\/\/www.europesays.com\/lv\/wp-json\/wp\/v2\/posts"}],"about":[{"href":"https:\/\/www.europesays.com\/lv\/wp-json\/wp\/v2\/types\/post"}],"author":[{"embeddable":true,"href":"https:\/\/www.europesays.com\/lv\/wp-json\/wp\/v2\/users\/2"}],"replies":[{"embeddable":true,"href":"https:\/\/www.europesays.com\/lv\/wp-json\/wp\/v2\/comments?post=106148"}],"version-history":[{"count":0,"href":"https:\/\/www.europesays.com\/lv\/wp-json\/wp\/v2\/posts\/106148\/revisions"}],"wp:featuredmedia":[{"embeddable":true,"href":"https:\/\/www.europesays.com\/lv\/wp-json\/wp\/v2\/media\/106149"}],"wp:attachment":[{"href":"https:\/\/www.europesays.com\/lv\/wp-json\/wp\/v2\/media?parent=106148"}],"wp:term":[{"taxonomy":"category","embeddable":true,"href":"https:\/\/www.europesays.com\/lv\/wp-json\/wp\/v2\/categories?post=106148"},{"taxonomy":"post_tag","embeddable":true,"href":"https:\/\/www.europesays.com\/lv\/wp-json\/wp\/v2\/tags?post=106148"}],"curies":[{"name":"wp","href":"https:\/\/api.w.org\/{rel}","templated":true}]}}