{"id":106159,"date":"2026-01-16T07:06:17","date_gmt":"2026-01-16T07:06:17","guid":{"rendered":"https:\/\/www.europesays.com\/lv\/106159\/"},"modified":"2026-01-16T07:06:17","modified_gmt":"2026-01-16T07:06:17","slug":"ptac-skaidro-kados-gadijumos-drikst-turpinat-izmantot-esosos-udens-skaititajus","status":"publish","type":"post","link":"https:\/\/www.europesays.com\/lv\/106159\/","title":{"rendered":"PTAC skaidro, k\u0101dos gad\u012bjumos dr\u012bkst turpin\u0101t izmantot eso\u0161os \u016bdens skait\u012bt\u0101jus"},"content":{"rendered":"<p>\u016adens pat\u0113ri\u0146a skait\u012bt\u0101jiem m\u0101jas ievad\u0101 verific\u0113\u0161anas pras\u012bba saglab\u0101jas l\u012bdz\u0161in\u0113j\u0101 k\u0101rt\u012bb\u0101.<\/p>\n<p>L\u0113mums par p\u0101reju uz vienotu sist\u0113mu ar att\u0101lin\u0101ti nolas\u0101miem skait\u012bt\u0101jiem vai palik\u0161anu pie eso\u0161\u0101s sist\u0113mas j\u0101pie\u0146em, balstoties uz p\u0101rvaldnieka sagatavotu tehniski ekonomisko izv\u0113rt\u0113jumu. PTAC uzsver, ka \u0161im izv\u0113rt\u0113jumam j\u0101b\u016bt objekt\u012bvam un saprotamam, un taj\u0101 j\u0101b\u016bt inform\u0101cijai par prec\u012bz\u0101m ievie\u0161anas un uztur\u0113\u0161anas izmaks\u0101m &#8211; vai t\u0101s ir sam\u0113r\u012bgas ar iesp\u0113jamo ietaup\u012bjumu. T\u0101pat j\u0101b\u016bt inform\u0101cijai par sagaid\u0101majiem ieguvumiem, piem\u0113ram, prec\u012bz\u0101ku uzskaiti, maz\u0101kiem \u016bdens zudumiem un iesp\u0113jamiem tehniskajiem riskiem &#8211; vai skait\u012bt\u0101ji darbosies ar\u012b tad, ja n\u0101kotn\u0113 main\u012bsies pakalpojuma sniedz\u0113js.<\/p>\n<p>Ja att\u0101lin\u0101t\u0101 nolas\u012b\u0161ana nav piem\u0113rota, iedz\u012bvot\u0101ji var izv\u0113l\u0113ties palikt pie eso\u0161ajiem skait\u012bt\u0101jiem vai uzst\u0101d\u012bt jaun\u0101kas paaudzes meh\u0101niskos skait\u012bt\u0101jus ar liel\u0101ku precizit\u0101ti un aizsardz\u012bbu pret manipul\u0101cij\u0101m.<\/p>\n<p>PTAC nor\u0101da, ka vienota \u016bdens uzskaites sist\u0113ma, uzst\u0101dot vis\u0101 \u0113k\u0101 vien\u0101dus m\u016bsdien\u012bgus skait\u012bt\u0101jus, var sniegt vair\u0101kus ieguvumus, piem\u0113ram, prec\u012bz\u0101kus r\u0101d\u012bjumus un \u0101tr\u0101ku nopl\u016b\u017eu vai tehnisku probl\u0113mu paman\u012b\u0161anu, \u012bpa\u0161i ar att\u0101lin\u0101tu nolas\u012b\u0161anu. T\u0101pat vienlaic\u012bga datu fiks\u0113\u0161ana visai m\u0101jai samazina laika nob\u012bdes un manu\u0101las k\u013c\u016bdas. Ir liel\u0101ka aizsardz\u012bba pret iejauk\u0161anos un iesp\u0113ja savlaic\u012bgi paman\u012bt aizdom\u012bgus r\u0101d\u012bjumus, k\u0101 ar\u012b iesp\u0113ja sekot l\u012bdzi datiem, paman\u012bt nopl\u016bdes un t\u0101d\u0113j\u0101di samazin\u0101t \u016bdens zudumus un ener\u0123ijas pat\u0113ri\u0146u \u016bdens sagatavo\u0161anai.<\/p>\n<p>Jau zi\u0146ots, ka 2025. gada 3. j\u016bnij\u0101 vald\u012bba atbalst\u012bja \u016bdens skait\u012bt\u0101ju verific\u0113\u0161anas pras\u012bbas atcel\u0161anu.<\/p>\n<p>Ekonomikas ministrija iepriek\u0161 nor\u0101d\u012bja, ka dz\u012bvok\u013cos uzst\u0101d\u012bto \u016bdens pat\u0113ri\u0146a skait\u012bt\u0101ju atk\u0101rtot\u0101s verific\u0113\u0161anas process nav lietder\u012bgs &#8211; pras\u012bbas veikt \u0161o pien\u0101kumu atcel\u0161ana mazin\u0101s administrat\u012bvo slogu un izdevumus iedz\u012bvot\u0101jiem.<\/p>\n<p>LETA ar\u012b v\u0113st\u012bja, ka Satversmes ties\u0101 (ST) ierosin\u0101ta lieta par dz\u012bvok\u013cos uzst\u0101d\u012bto \u016bdens pat\u0113ri\u0146a skait\u012bt\u0101ju valsts metrolo\u0123isk\u0101s kontroles jeb verific\u0113\u0161anas izbeig\u0161anu, a\u0123ent\u016bru LETA inform\u0113ja ST.<\/p>\n<p>Tiesa v\u0113rt\u0113s, vai vald\u012bbas 3. j\u016bnij\u0101 apstiprin\u0101t\u0101s Ministru kabineta noteikumu par valsts metrolo\u0123iskajai kontrolei pak\u013cauto m\u0113r\u012b\u0161anas l\u012bdzek\u013cu sarakstu normas atbilst Satversmei.<\/p>\n","protected":false},"excerpt":{"rendered":"\u016adens pat\u0113ri\u0146a skait\u012bt\u0101jiem m\u0101jas ievad\u0101 verific\u0113\u0161anas pras\u012bba saglab\u0101jas l\u012bdz\u0161in\u0113j\u0101 k\u0101rt\u012bb\u0101. L\u0113mums par p\u0101reju uz vienotu sist\u0113mu ar att\u0101lin\u0101ti&hellip;\n","protected":false},"author":2,"featured_media":106160,"comment_status":"","ping_status":"","sticky":false,"template":"","format":"standard","meta":{"footnotes":""},"categories":[5],"tags":[23,28,29,32,33,22,30,31,35,39,38,36,37,34,40,20,26,27,4211,24,25,17513,21],"class_list":{"0":"post-106159","1":"post","2":"type-post","3":"status-publish","4":"format-standard","5":"has-post-thumbnail","7":"category-aktualitates","8":"tag-aktualitates","9":"tag-breaking-news","10":"tag-breakingnews","11":"tag-featured-news","12":"tag-featurednews","13":"tag-headlines","14":"tag-latest-news","15":"tag-latestnews","16":"tag-latvia","17":"tag-latvian","18":"tag-latviesu","19":"tag-latviesu-valoda","20":"tag-latviesuvaloda","21":"tag-latvija","22":"tag-lv","23":"tag-news","24":"tag-popularakas-zinas","25":"tag-popularakaszinas","26":"tag-ptac","27":"tag-top-stories","28":"tag-topstories","29":"tag-udens-skaititaji","30":"tag-zinas"},"share_on_mastodon":{"url":"https:\/\/pubeurope.com\/@lv\/115903514722233580","error":""},"_links":{"self":[{"href":"https:\/\/www.europesays.com\/lv\/wp-json\/wp\/v2\/posts\/106159","targetHints":{"allow":["GET"]}}],"collection":[{"href":"https:\/\/www.europesays.com\/lv\/wp-json\/wp\/v2\/posts"}],"about":[{"href":"https:\/\/www.europesays.com\/lv\/wp-json\/wp\/v2\/types\/post"}],"author":[{"embeddable":true,"href":"https:\/\/www.europesays.com\/lv\/wp-json\/wp\/v2\/users\/2"}],"replies":[{"embeddable":true,"href":"https:\/\/www.europesays.com\/lv\/wp-json\/wp\/v2\/comments?post=106159"}],"version-history":[{"count":0,"href":"https:\/\/www.europesays.com\/lv\/wp-json\/wp\/v2\/posts\/106159\/revisions"}],"wp:featuredmedia":[{"embeddable":true,"href":"https:\/\/www.europesays.com\/lv\/wp-json\/wp\/v2\/media\/106160"}],"wp:attachment":[{"href":"https:\/\/www.europesays.com\/lv\/wp-json\/wp\/v2\/media?parent=106159"}],"wp:term":[{"taxonomy":"category","embeddable":true,"href":"https:\/\/www.europesays.com\/lv\/wp-json\/wp\/v2\/categories?post=106159"},{"taxonomy":"post_tag","embeddable":true,"href":"https:\/\/www.europesays.com\/lv\/wp-json\/wp\/v2\/tags?post=106159"}],"curies":[{"name":"wp","href":"https:\/\/api.w.org\/{rel}","templated":true}]}}