{"id":10616,"date":"2025-10-02T13:01:10","date_gmt":"2025-10-02T13:01:10","guid":{"rendered":"https:\/\/www.europesays.com\/lv\/10616\/"},"modified":"2025-10-02T13:01:10","modified_gmt":"2025-10-02T13:01:10","slug":"odesa-pec-dronu-trieciena-palikusi-bez-elektribas-tvnet","status":"publish","type":"post","link":"https:\/\/www.europesays.com\/lv\/10616\/","title":{"rendered":"Odesa p\u0113c dronu trieciena palikusi bez elektr\u012bbas &#8211; TVNET"},"content":{"rendered":"<ol>\n<li><a href=\"https:\/\/news.google.com\/rss\/articles\/CBMihAFBVV95cUxOYkgwR0NxX2UtUjFMVG5ZZmw5OGRJZFdnaWpRXzhaaGlabGdPYWRSTURJR2h2QW1uZkxPUTVrSUFhbllhV1VhZmNhQmt5NXBTUnhySDg4LWd3XzU3aUFKc0psRzVwTXdyVDVYV3lsZVdsd29tbVh4MUFLakhUZmYtX2I3OVQ?oc=5\" target=\"_blank\" rel=\"nofollow noopener\">Odesa p\u0113c dronu trieciena palikusi bez elektr\u012bbas<\/a>&nbsp;&nbsp;TVNET<\/li>\n<li><a href=\"https:\/\/news.google.com\/rss\/articles\/CBMirAFBVV95cUxQQnU3LWtIVjhoblJJa1VXc0pPQWl5cXpEMFlUSlFIYlJRVnpEVmQzcVMwQkxCQzd5aE9QTGdtdXpSdEczZTdmLWRDRkFyQmtIMWR4b2xMYWM3U3JQR3BSV0s4RC1fUUFTdGhsekVvMUt1cTc0WTN0bTF0amVsbEJrb0ZjUFhXbm5mbFF5QUFYYVFCTUhZY0JfZlMxZHNGLVplWG5UWUFrNGF3Ukxp?oc=5\" target=\"_blank\" rel=\"nofollow noopener\">No 37% august\u0101 l\u012bdz 6% septembr\u012b. Ukraina vairs nesp\u0113j pretoties modific\u0113taj\u0101m krievu ra\u0137et\u0113m<\/a>&nbsp;&nbsp;LA.LV<\/li>\n<li><a href=\"https:\/\/news.google.com\/rss\/articles\/CBMinwFBVV95cUxPU2Vfc0xlbzE5VktHQUFBSjd0YTk3b1dvcUJ4YXhNeGhTVFNRZWdnTXBhcE1GMm9jelhSSzQ3YVhZVzRSaFR3aXFkcTFFaEZXQWtQZTZZbG1hOGpQdW16a2dSZllNT1FzM2dXZkt0TjdqT2xkUkp3T3l4ZmZSUGpybG1KakFjVXBlcjNlV09fRjgyOTBrbFJuRU10T0NodWM?oc=5\" target=\"_blank\" rel=\"nofollow noopener\">VIDEO: spr\u0101dzien\u0101 Nova Kahovk\u0101 likvid\u0113ts okupantu vietvaldis<\/a>&nbsp;&nbsp;Jauns.lv<\/li>\n<li><a href=\"https:\/\/news.google.com\/rss\/articles\/CBMimwFBVV95cUxNc0dEeFR1eDU2MDRVUUJUTld0WWVXd1B4SkNtczBLN0cwWU5MTVFhYUt1dlRZcV8xcDk0Zmk0YW1BQXVmeWZmTEZrdFkwbGVSVEd4bmNOTThTbkw1QTdFblBGLVVZZWpZZGljS0pxRTUwYThwQ1Y2VTAwLU5jZFpQV2dJQnZ5SEVKR3lyb3NETzVEN2NhZko4V2xBTQ?oc=5\" target=\"_blank\" rel=\"nofollow noopener\">Krievijas uzbrukum\u0101 Dnipro daudzi cietu\u0161ie \/ 01.10.2025<\/a>&nbsp;&nbsp;REplay.lv<\/li>\n<li><a href=\"https:\/\/news.google.com\/rss\/articles\/CBMid0FVX3lxTE9rMVBaUFN2d2gtQ003ZlFwU1k1dlM3TjV3Z1pZdV91UGpSOHZSaUwtZTE5MmRZd0hIQ0VKTmliVE1UVlowcUx2UDFhR0VjVm9mQU9MY1FKR2JpcThpcVlsNVFPdDV0ZS1uTkZ2TEtNRlpPY2Y0cXpZ?oc=5\" target=\"_blank\" rel=\"nofollow noopener\">Krievija uz Ukrainu raid\u012bjusi 32 dronus<\/a>&nbsp;&nbsp;TVNET<\/li>\n<\/ol>\n","protected":false},"excerpt":{"rendered":"Odesa p\u0113c dronu trieciena palikusi bez elektr\u012bbas&nbsp;&nbsp;TVNET No 37% august\u0101 l\u012bdz 6% septembr\u012b. Ukraina vairs nesp\u0113j pretoties modific\u0113taj\u0101m&hellip;\n","protected":false},"author":2,"featured_media":10617,"comment_status":"","ping_status":"","sticky":false,"template":"","format":"standard","meta":{"footnotes":""},"categories":[14],"tags":[23,57,28,29,32,33,22,74,30,31,35,39,38,36,37,34,40,20,4010,26,27,24,25,276,54,55,56,21,58],"class_list":{"0":"post-10616","1":"post","2":"type-post","3":"status-publish","4":"format-standard","5":"has-post-thumbnail","7":"category-zinas-no-arvalstim","8":"tag-aktualitates","9":"tag-arvalstim","10":"tag-breaking-news","11":"tag-breakingnews","12":"tag-featured-news","13":"tag-featurednews","14":"tag-headlines","15":"tag-krievijas-iebrukums-ukraina","16":"tag-latest-news","17":"tag-latestnews","18":"tag-latvia","19":"tag-latvian","20":"tag-latviesu","21":"tag-latviesu-valoda","22":"tag-latviesuvaloda","23":"tag-latvija","24":"tag-lv","25":"tag-news","26":"tag-odesa","27":"tag-popularakas-zinas","28":"tag-popularakaszinas","29":"tag-top-stories","30":"tag-topstories","31":"tag-ukraina","32":"tag-world","33":"tag-world-news","34":"tag-worldnews","35":"tag-zinas","36":"tag-zinas-no-arvalstim"},"share_on_mastodon":{"url":"","error":""},"_links":{"self":[{"href":"https:\/\/www.europesays.com\/lv\/wp-json\/wp\/v2\/posts\/10616","targetHints":{"allow":["GET"]}}],"collection":[{"href":"https:\/\/www.europesays.com\/lv\/wp-json\/wp\/v2\/posts"}],"about":[{"href":"https:\/\/www.europesays.com\/lv\/wp-json\/wp\/v2\/types\/post"}],"author":[{"embeddable":true,"href":"https:\/\/www.europesays.com\/lv\/wp-json\/wp\/v2\/users\/2"}],"replies":[{"embeddable":true,"href":"https:\/\/www.europesays.com\/lv\/wp-json\/wp\/v2\/comments?post=10616"}],"version-history":[{"count":0,"href":"https:\/\/www.europesays.com\/lv\/wp-json\/wp\/v2\/posts\/10616\/revisions"}],"wp:featuredmedia":[{"embeddable":true,"href":"https:\/\/www.europesays.com\/lv\/wp-json\/wp\/v2\/media\/10617"}],"wp:attachment":[{"href":"https:\/\/www.europesays.com\/lv\/wp-json\/wp\/v2\/media?parent=10616"}],"wp:term":[{"taxonomy":"category","embeddable":true,"href":"https:\/\/www.europesays.com\/lv\/wp-json\/wp\/v2\/categories?post=10616"},{"taxonomy":"post_tag","embeddable":true,"href":"https:\/\/www.europesays.com\/lv\/wp-json\/wp\/v2\/tags?post=10616"}],"curies":[{"name":"wp","href":"https:\/\/api.w.org\/{rel}","templated":true}]}}