{"id":106206,"date":"2026-01-16T08:10:07","date_gmt":"2026-01-16T08:10:07","guid":{"rendered":"https:\/\/www.europesays.com\/lv\/106206\/"},"modified":"2026-01-16T08:10:07","modified_gmt":"2026-01-16T08:10:07","slug":"venecuelas-opozicijas-lidere-macado-pasniedz-trampam-savu-nobela-miera-premijas-medalu","status":"publish","type":"post","link":"https:\/\/www.europesays.com\/lv\/106206\/","title":{"rendered":"Venecu\u0113las opoz\u012bcijas l\u012bdere Ma\u010dado pasniedz Trampam savu Nobela miera pr\u0113mijas meda\u013cu"},"content":{"rendered":"<p>Tramps pateic\u0101s Ma\u010dado par d\u0101vanu un soci\u0101lajos t\u012bklos to nosauca par \u201cbr\u012bni\u0161\u0137\u012bgu savstarp\u0113jas cie\u0146as z\u012bmi\u201d. Tom\u0113r vi\u0146\u0161 nenor\u0101d\u012bja, ka atbalsta Ma\u010dado k\u0101 Venecu\u0113las jauno l\u012bderi. Tramps turpin\u0101ja sadarboties ar pagaidu prezidenti Del\u010d\u012b Rodrigezu, biju\u0161o Maduro vietnieci. Tikm\u0113r vi\u0146\u0161 sac\u012bja, ka tik\u0161an\u0101s ar Ma\u010dado bija \u201cliels gods\u201d un vi\u0146a ir \u201cbr\u012bni\u0161\u0137\u012bga sieviete, kas ir p\u0101rcietusi daudz\u201d.<\/p>\n<p>Ta\u010du Nobela komiteja skaidri pazi\u0146oja, ka meda\u013ca var nomain\u012bt \u012bpa\u0161nieku, bet pa\u0161u pr\u0113mijas titulu \u2013 Nobela miera pr\u0113mijas laure\u0101ts \u2013 nodot nevar. Komiteja uzsv\u0113ra, ka \u0161is l\u0113mums ir gal\u012bgs un paliek sp\u0113k\u0101 m\u016b\u017e\u012bgi.<\/p>\n<p>P\u0113c tik\u0161an\u0101s Ma\u010dado run\u0101ja ar\u012b pie Balt\u0101 nama v\u0101rtiem, kur atbalst\u012bt\u0101jiem sac\u012bja: \u201cM\u0113s varam pa\u013cauties uz prezidentu Trampu\u201d. Vi\u0146a uzsv\u0113ra, ka meda\u013ca simboliz\u0113 br\u0101l\u012bbu starp Venecu\u0113lu un ASV c\u012b\u0146\u0101 pret tir\u0101niju. Ma\u010dado sal\u012bdzin\u0101ja \u0161o g\u0101jienu ar v\u0113sturisku notikumu, kad \u0123ener\u0101lis Lafajets Francijas Neatkar\u012bbas kara laik\u0101 pasniedza meda\u013cu Simonam Bol\u012bv\u0101ram.<\/p>\n<p>Ma\u010dado skaidroja, ka d\u0101vana Trampam ir pateic\u012bba par vi\u0146a ieguld\u012bjumu br\u012bv\u012bbas aizst\u0101v\u012bb\u0101 un simboliz\u0113 cie\u0146u starp ab\u0101m valst\u012bm. Vi\u0146a nor\u0101d\u012bja, ka tas ir ar\u012b v\u0113sturisks \u017eests, kas saista mantojum\u0101 Va\u0161ingtonu ar Venecu\u0113las c\u012b\u0146u par br\u012bv\u012bbu.<\/p>\n<p class=\"tv3-fw-500\">Zi\u0146o par k\u013c\u016bdu rakst\u0101<\/p>\n<p class=\"d-md-block d-none\">Iez\u012bm\u0113 k\u013c\u016bdaino tekstu un spied Ctrl+Enter.<\/p>\n<p class=\"d-md-none d-block\">Iez\u012bm\u0113 k\u013c\u016bdaino tekstu un zi\u0146o par to!<\/p>\n","protected":false},"excerpt":{"rendered":"Tramps pateic\u0101s Ma\u010dado par d\u0101vanu un soci\u0101lajos t\u012bklos to nosauca par \u201cbr\u012bni\u0161\u0137\u012bgu savstarp\u0113jas cie\u0146as z\u012bmi\u201d. Tom\u0113r vi\u0146\u0161 nenor\u0101d\u012bja,&hellip;\n","protected":false},"author":2,"featured_media":106207,"comment_status":"","ping_status":"","sticky":false,"template":"","format":"standard","meta":{"footnotes":""},"categories":[14],"tags":[23,57,23976,28,29,32,33,22,30,31,35,39,38,36,37,34,40,20,26,27,24,25,54,55,56,21,58],"class_list":{"0":"post-106206","1":"post","2":"type-post","3":"status-publish","4":"format-standard","5":"has-post-thumbnail","7":"category-zinas-no-arvalstim","8":"tag-aktualitates","9":"tag-arvalstim","10":"tag-asvdonalds-trampsnobela-miera-premijavenecuela","11":"tag-breaking-news","12":"tag-breakingnews","13":"tag-featured-news","14":"tag-featurednews","15":"tag-headlines","16":"tag-latest-news","17":"tag-latestnews","18":"tag-latvia","19":"tag-latvian","20":"tag-latviesu","21":"tag-latviesu-valoda","22":"tag-latviesuvaloda","23":"tag-latvija","24":"tag-lv","25":"tag-news","26":"tag-popularakas-zinas","27":"tag-popularakaszinas","28":"tag-top-stories","29":"tag-topstories","30":"tag-world","31":"tag-world-news","32":"tag-worldnews","33":"tag-zinas","34":"tag-zinas-no-arvalstim"},"share_on_mastodon":{"url":"https:\/\/pubeurope.com\/@lv\/115903766383202785","error":""},"_links":{"self":[{"href":"https:\/\/www.europesays.com\/lv\/wp-json\/wp\/v2\/posts\/106206","targetHints":{"allow":["GET"]}}],"collection":[{"href":"https:\/\/www.europesays.com\/lv\/wp-json\/wp\/v2\/posts"}],"about":[{"href":"https:\/\/www.europesays.com\/lv\/wp-json\/wp\/v2\/types\/post"}],"author":[{"embeddable":true,"href":"https:\/\/www.europesays.com\/lv\/wp-json\/wp\/v2\/users\/2"}],"replies":[{"embeddable":true,"href":"https:\/\/www.europesays.com\/lv\/wp-json\/wp\/v2\/comments?post=106206"}],"version-history":[{"count":0,"href":"https:\/\/www.europesays.com\/lv\/wp-json\/wp\/v2\/posts\/106206\/revisions"}],"wp:featuredmedia":[{"embeddable":true,"href":"https:\/\/www.europesays.com\/lv\/wp-json\/wp\/v2\/media\/106207"}],"wp:attachment":[{"href":"https:\/\/www.europesays.com\/lv\/wp-json\/wp\/v2\/media?parent=106206"}],"wp:term":[{"taxonomy":"category","embeddable":true,"href":"https:\/\/www.europesays.com\/lv\/wp-json\/wp\/v2\/categories?post=106206"},{"taxonomy":"post_tag","embeddable":true,"href":"https:\/\/www.europesays.com\/lv\/wp-json\/wp\/v2\/tags?post=106206"}],"curies":[{"name":"wp","href":"https:\/\/api.w.org\/{rel}","templated":true}]}}