{"id":106208,"date":"2026-01-16T08:12:14","date_gmt":"2026-01-16T08:12:14","guid":{"rendered":"https:\/\/www.europesays.com\/lv\/106208\/"},"modified":"2026-01-16T08:12:14","modified_gmt":"2026-01-16T08:12:14","slug":"isw-skaidro-putina-jauno-signalu-rietumiem","status":"publish","type":"post","link":"https:\/\/www.europesays.com\/lv\/106208\/","title":{"rendered":"ISW skaidro Putina jauno sign\u0101lu Rietumiem"},"content":{"rendered":"<p>Vi\u0146i atg\u0101din\u0101ja, ka, p\u0113c Krievijas prezidenta teikt\u0101, kar\u0161 Ukrain\u0101 ir &#8220;tie\u0161as sekas&#8221; Rietumu nev\u0113r\u012bbai pret Krievijas interes\u0113m, &#8220;papla\u0161inot NATO, neskatoties uz it k\u0101 publiskiem sol\u012bjumiem to nedar\u012bt&#8221;.<\/p>\n<p>Anal\u012bti\u0137i apgalvo, ka Putins t\u0101d\u0113j\u0101di ir nodemonstr\u0113jis, ka neb\u016bs apmierin\u0101ts ar miera vieno\u0161anos, kas attiecas tikai uz Ukrainu un neietver NATO radik\u0101lu p\u0101rstruktur\u0113\u0161anu.<\/p>\n<p>Vi\u0146i ar\u012b paskaidroja: ja NATO \u012bstenotu Putina ultim\u0101tus, ko vi\u0146\u0161 izdeva 2021. gada beig\u0101s un ko vi\u0146\u0161 piemin\u0113ja sav\u0101 run\u0101 2026. gada 15. janv\u0101r\u012b, tas novestu pie NATO izn\u012bcin\u0101\u0161anas un pras\u012btu Eiropas dro\u0161\u012bbas arhitekt\u016bras p\u0101rskat\u012b\u0161anu.<\/p>\n<p>&#8220;Putins ir vair\u0101kk\u0101rt pier\u0101d\u012bjis, ka vi\u0146a pras\u012bbas p\u0101rsniedz ASV ierosin\u0101taj\u0101 28 punktu pl\u0101n\u0101 un turpm\u0101kajos miera pl\u0101nos izkl\u0101st\u012bt\u0101s pras\u012bbas. Putins joproj\u0101m ir ap\u0146\u0113mies \u012bstenot savus s\u0101kotn\u0113jos milit\u0101ros m\u0113r\u0137us 2021. un 2022. gadam, kas sniedzas t\u0101l\u0101k par teritori\u0101lo robe\u017eu un neaprobe\u017eojas tikai ar Ukrainu,&#8221; raksta ISW.<\/p>\n<p>K\u0101 jau iepriek\u0161 zi\u0146oja UNIAN, 15. janv\u0101r\u012b, uzst\u0101joties ceremonij\u0101, kur\u0101 tika sa\u0146emtas akredit\u0101cijas v\u0113stules no 34 valstu v\u0113stniekiem, Putins run\u0101ja par mieru, bet draud\u0113ja Ukrainai ar kara turpin\u0101\u0161anu. Konkr\u0113ti, vi\u0146\u0161 ierosin\u0101ja &#8220;atgriezties pie satur\u012bgas diskusijas par Krievijas iniciat\u012bv\u0101m jaunas un taisn\u012bgas dro\u0161\u012bbas arhitekt\u016bras izveidei&#8221; un v\u0113lreiz aps\u016bdz\u0113ja Ukrainu, it k\u0101 t\u0101 b\u016btu vain\u012bga notieko\u0161aj\u0101 kar\u0101.<\/p>\n<p>P\u0113c vi\u0146a teikt\u0101, &#8220;kr\u012bze ap Ukrainu ir tie\u0161as sekas Krievijas neiev\u0113ro\u0161anai pret t\u0101s interes\u0113m&#8221; un NATO virz\u012bbai uz t\u0101s robe\u017e\u0101m, neskatoties uz Rietumu it k\u0101 &#8220;publiskiem sol\u012bjumiem&#8221;. Diktators ar\u012b s\u016bdz\u0113j\u0101s, ka situ\u0101cija starptautiskaj\u0101 ar\u0113n\u0101 &#8220;arvien pasliktin\u0101s&#8221;. Vi\u0146\u0161 apgalvoja, ka diplom\u0101tiju aizst\u0101j vienpus\u0113jas un \u013coti b\u012bstamas darb\u012bbas.<\/p>\n","protected":false},"excerpt":{"rendered":"Vi\u0146i atg\u0101din\u0101ja, ka, p\u0113c Krievijas prezidenta teikt\u0101, kar\u0161 Ukrain\u0101 ir &#8220;tie\u0161as sekas&#8221; Rietumu nev\u0113r\u012bbai pret Krievijas interes\u0113m, &#8220;papla\u0161inot&hellip;\n","protected":false},"author":2,"featured_media":93134,"comment_status":"","ping_status":"","sticky":false,"template":"","format":"standard","meta":{"footnotes":""},"categories":[5],"tags":[23,28,29,32,33,22,234,74,30,31,35,39,38,36,37,34,40,20,26,27,24,25,276,235,21],"class_list":{"0":"post-106208","1":"post","2":"type-post","3":"status-publish","4":"format-standard","5":"has-post-thumbnail","7":"category-aktualitates","8":"tag-aktualitates","9":"tag-breaking-news","10":"tag-breakingnews","11":"tag-featured-news","12":"tag-featurednews","13":"tag-headlines","14":"tag-krievija","15":"tag-krievijas-iebrukums-ukraina","16":"tag-latest-news","17":"tag-latestnews","18":"tag-latvia","19":"tag-latvian","20":"tag-latviesu","21":"tag-latviesu-valoda","22":"tag-latviesuvaloda","23":"tag-latvija","24":"tag-lv","25":"tag-news","26":"tag-popularakas-zinas","27":"tag-popularakaszinas","28":"tag-top-stories","29":"tag-topstories","30":"tag-ukraina","31":"tag-vladimirs-putins","32":"tag-zinas"},"share_on_mastodon":{"url":"https:\/\/pubeurope.com\/@lv\/115903774241729109","error":""},"_links":{"self":[{"href":"https:\/\/www.europesays.com\/lv\/wp-json\/wp\/v2\/posts\/106208","targetHints":{"allow":["GET"]}}],"collection":[{"href":"https:\/\/www.europesays.com\/lv\/wp-json\/wp\/v2\/posts"}],"about":[{"href":"https:\/\/www.europesays.com\/lv\/wp-json\/wp\/v2\/types\/post"}],"author":[{"embeddable":true,"href":"https:\/\/www.europesays.com\/lv\/wp-json\/wp\/v2\/users\/2"}],"replies":[{"embeddable":true,"href":"https:\/\/www.europesays.com\/lv\/wp-json\/wp\/v2\/comments?post=106208"}],"version-history":[{"count":0,"href":"https:\/\/www.europesays.com\/lv\/wp-json\/wp\/v2\/posts\/106208\/revisions"}],"wp:featuredmedia":[{"embeddable":true,"href":"https:\/\/www.europesays.com\/lv\/wp-json\/wp\/v2\/media\/93134"}],"wp:attachment":[{"href":"https:\/\/www.europesays.com\/lv\/wp-json\/wp\/v2\/media?parent=106208"}],"wp:term":[{"taxonomy":"category","embeddable":true,"href":"https:\/\/www.europesays.com\/lv\/wp-json\/wp\/v2\/categories?post=106208"},{"taxonomy":"post_tag","embeddable":true,"href":"https:\/\/www.europesays.com\/lv\/wp-json\/wp\/v2\/tags?post=106208"}],"curies":[{"name":"wp","href":"https:\/\/api.w.org\/{rel}","templated":true}]}}