{"id":106209,"date":"2026-01-16T08:17:06","date_gmt":"2026-01-16T08:17:06","guid":{"rendered":"https:\/\/www.europesays.com\/lv\/106209\/"},"modified":"2026-01-16T08:17:06","modified_gmt":"2026-01-16T08:17:06","slug":"dzivojamas-majas-ugunsgreka-kekavas-pagasta-gajusi-boja-divi-berni-un-vairaki-cilveki-cietusi-raksts","status":"publish","type":"post","link":"https:\/\/www.europesays.com\/lv\/106209\/","title":{"rendered":"Dz\u012bvojam\u0101s m\u0101jas ugunsgr\u0113k\u0101 \u0136ekavas pagast\u0101 g\u0101ju\u0161i boj\u0101 divi b\u0113rni un vair\u0101ki cilv\u0113ki cietu\u0161i \/ Raksts"},"content":{"rendered":"<p>Piektdienas, 16.\u00a0janv\u0101ra, r\u012bt\u0101 dz\u012bvojam\u0101s m\u0101jas ugunsgr\u0113k\u0101 \u0136ekavas novada \u0136ekavas pagasta Krustkalnu ciem\u0101 g\u0101ju\u0161i boj\u0101 divi cilv\u0113ki un 29 izgl\u0101bti, no kuriem vair\u0101ki ir cietu\u0161i, bet 15 cilv\u0113ki evaku\u0113ju\u0161ies pa\u0161u sp\u0113kiem,\u00a0inform\u0113ja Valsts ugunsdz\u0113s\u012bbas un gl\u0101b\u0161anas dienest\u0101 (VUGD).\u00a0<\/p>\n<p>Ugunsgr\u0113ks noticis \u0113k\u0101 Jaunlazdu iel\u0101 5.\u00a0Valsts policij\u0101\u00a0apstiprin\u0101ja, ka boj\u0101g\u0101ju\u0161ie ir nepilngad\u012bgi.<\/p>\n<p>Plkst. 4.59 VUGD sa\u0146\u0113ma inform\u0101ciju, ka \u0136ekavas novad\u0101 \u010detrst\u0101vu dz\u012bvojam\u0101s m\u0101jas pirm\u0101 st\u0101va dz\u012bvokl\u012b ir izc\u0113lies ugunsgr\u0113ks. Ierodoties notikuma viet\u0101, ugunsdz\u0113s\u0113ji gl\u0101b\u0113ji konstat\u0113ja, ka pa \u0113kas st\u0101viem strauji ar atkl\u0101tu liesmu izplat\u0101s deg\u0161ana. Ugunsdz\u0113s\u0113ji gl\u0101b\u0113ji nekav\u0113joties s\u0101ka visu dz\u012bvok\u013cu p\u0101rmekl\u0113\u0161anu un cilv\u0113ku gl\u0101b\u0161anu.\u00a0<\/p>\n<p>No dego\u0161\u0101s \u0113kas ugunsdz\u0113s\u0113ji izgl\u0101ba 29 cilv\u0113kus, no tiem 18 ar gl\u0101b\u0161anas mask\u0101m, se\u0161us ar autok\u0101pn\u0113m un piecus ar tr\u012bsposmu izb\u012bd\u0101maj\u0101m k\u0101pn\u0113m.<\/p>\n<p>Neatliekam\u0101s medic\u012bnisk\u0101s pal\u012bdz\u012bbas dienesta pal\u012bdz\u012bba bija nepiecie\u0161ama septi\u0146iem cilv\u0113kiem, no kuriem \u010detri bija cietu\u0161i, no tiem tr\u012bs tika hospitaliz\u0113ti, bet v\u0113l trijiem hospitaliz\u0101cija nebija nepiecie\u0161ama.<\/p>\n<p>Ugunsgr\u0113k\u0101 g\u0101ja boj\u0101 divi cilv\u0113ki. Pa\u0161u sp\u0113kiem no \u0113kas evaku\u0113j\u0101s v\u0113l 15 cilv\u0113ki.<\/p>\n<p>Lai skat\u012btu \u0161o resursu, mums ir nepiecie\u0161ama j\u016bsu piekri\u0161ana s\u012bkdatn\u0113m.<\/p>\n<p>Piekr\u012btu &#8220;Tre\u0161\u0101s puses&#8221; s\u012bkdatn\u0113mP\u0101rvald\u012bt s\u012bkdatnes<\/p>\n<p>                    Valodas k\u013c\u016bda rakst\u0101?<\/p>\n<p class=\"d-none d-md-block\">Iez\u012bm\u0113jiet tekstu un spiediet Ctrl+Enter, lai nos\u016bt\u012btu labojamo teksta fragmentu redaktoram! Par faktu k\u013c\u016bd\u0101m l\u016bdzam zi\u0146ot e-past\u0101 <a href=\"https:\/\/www.lsm.lv\/cdn-cgi\/l\/email-protection\" class=\"__cf_email__\" data-cfemail=\"44362120252f272d2e25042837296a2832\" rel=\"nofollow noopener\" target=\"_blank\">[email\u00a0protected]<\/a>.<\/p>\n<p class=\"d-md-none\">Iez\u012bm\u0113jiet tekstu un spiediet uz Zi\u0146ot par k\u013c\u016bdu pogas, lai nos\u016bt\u012btu labojamo teksta fragmentu redaktoram!<\/p>\n<p>\n                    Zi\u0146ot par k\u013c\u016bdu\n                <\/p>\n","protected":false},"excerpt":{"rendered":"Piektdienas, 16.\u00a0janv\u0101ra, r\u012bt\u0101 dz\u012bvojam\u0101s m\u0101jas ugunsgr\u0113k\u0101 \u0136ekavas novada \u0136ekavas pagasta Krustkalnu ciem\u0101 g\u0101ju\u0161i boj\u0101 divi cilv\u0113ki un 29&hellip;\n","protected":false},"author":2,"featured_media":106210,"comment_status":"","ping_status":"","sticky":false,"template":"","format":"standard","meta":{"footnotes":""},"categories":[12],"tags":[23,28,29,32,33,22,30,31,35,39,38,36,37,34,40,20,26,27,24,25,21],"class_list":{"0":"post-106209","1":"post","2":"type-post","3":"status-publish","4":"format-standard","5":"has-post-thumbnail","7":"category-latvija","8":"tag-aktualitates","9":"tag-breaking-news","10":"tag-breakingnews","11":"tag-featured-news","12":"tag-featurednews","13":"tag-headlines","14":"tag-latest-news","15":"tag-latestnews","16":"tag-latvia","17":"tag-latvian","18":"tag-latviesu","19":"tag-latviesu-valoda","20":"tag-latviesuvaloda","21":"tag-latvija","22":"tag-lv","23":"tag-news","24":"tag-popularakas-zinas","25":"tag-popularakaszinas","26":"tag-top-stories","27":"tag-topstories","28":"tag-zinas"},"share_on_mastodon":{"url":"https:\/\/pubeurope.com\/@lv\/115903793932116499","error":""},"_links":{"self":[{"href":"https:\/\/www.europesays.com\/lv\/wp-json\/wp\/v2\/posts\/106209","targetHints":{"allow":["GET"]}}],"collection":[{"href":"https:\/\/www.europesays.com\/lv\/wp-json\/wp\/v2\/posts"}],"about":[{"href":"https:\/\/www.europesays.com\/lv\/wp-json\/wp\/v2\/types\/post"}],"author":[{"embeddable":true,"href":"https:\/\/www.europesays.com\/lv\/wp-json\/wp\/v2\/users\/2"}],"replies":[{"embeddable":true,"href":"https:\/\/www.europesays.com\/lv\/wp-json\/wp\/v2\/comments?post=106209"}],"version-history":[{"count":0,"href":"https:\/\/www.europesays.com\/lv\/wp-json\/wp\/v2\/posts\/106209\/revisions"}],"wp:featuredmedia":[{"embeddable":true,"href":"https:\/\/www.europesays.com\/lv\/wp-json\/wp\/v2\/media\/106210"}],"wp:attachment":[{"href":"https:\/\/www.europesays.com\/lv\/wp-json\/wp\/v2\/media?parent=106209"}],"wp:term":[{"taxonomy":"category","embeddable":true,"href":"https:\/\/www.europesays.com\/lv\/wp-json\/wp\/v2\/categories?post=106209"},{"taxonomy":"post_tag","embeddable":true,"href":"https:\/\/www.europesays.com\/lv\/wp-json\/wp\/v2\/tags?post=106209"}],"curies":[{"name":"wp","href":"https:\/\/api.w.org\/{rel}","templated":true}]}}