{"id":106211,"date":"2026-01-16T08:18:05","date_gmt":"2026-01-16T08:18:05","guid":{"rendered":"https:\/\/www.europesays.com\/lv\/106211\/"},"modified":"2026-01-16T08:18:05","modified_gmt":"2026-01-16T08:18:05","slug":"lusis-komente-%e2%9f%a9-viltus-zinu-izplatitajs-niks-endzins-apvainojas-ka-tiek-nosaukts-par-viltus-zinu-izplatitaju","status":"publish","type":"post","link":"https:\/\/www.europesays.com\/lv\/106211\/","title":{"rendered":"L\u016aSIS KOMENT\u0112 \u27e9 Viltus zi\u0146u izplat\u012bt\u0101js Niks Endzi\u0146\u0161 apvainojas, ka tiek nosaukts par viltus zi\u0146u izplat\u012bt\u0101ju"},"content":{"rendered":"<p>Lai ar\u012b k\u0101 sabiedr\u012bba par daudz\u0101m liet\u0101m da\u017ek\u0101rt nek\u0101di nesp\u0113jam vienoties, ir ar\u012b t\u0101das, kas ir visp\u0101rpie\u0146emtas un visiem zin\u0101mas. Nu, piem\u0113ram, ka p\u0113c dienas vienm\u0113r seko nakts, bet Zeme ir apa\u013ca. Labi, p\u0113d\u0113jais nav pats lab\u0101kais piem\u0113rs, jo ir cilv\u0113ki, kas tam nepiekr\u012bt. Bet v\u0113l viena lieta, ko m\u0113s visi zin\u0101m pavisam dro\u0161i, \u2013 Niks Endzi\u0146\u0161 (Neids) ir viltus zi\u0146u izplat\u012bt\u0101js.<\/p>\n","protected":false},"excerpt":{"rendered":"Lai ar\u012b k\u0101 sabiedr\u012bba par daudz\u0101m liet\u0101m da\u017ek\u0101rt nek\u0101di nesp\u0113jam vienoties, ir ar\u012b t\u0101das, kas ir visp\u0101rpie\u0146emtas un&hellip;\n","protected":false},"author":2,"featured_media":106212,"comment_status":"","ping_status":"","sticky":false,"template":"","format":"standard","meta":{"footnotes":""},"categories":[5],"tags":[23,28,29,25398,32,33,22,30,31,35,39,38,36,37,34,239,40,20,25397,26,27,95,238,24,25,240,5327,21],"class_list":{"0":"post-106211","1":"post","2":"type-post","3":"status-publish","4":"format-standard","5":"has-post-thumbnail","7":"category-aktualitates","8":"tag-aktualitates","9":"tag-breaking-news","10":"tag-breakingnews","11":"tag-fake-news","12":"tag-featured-news","13":"tag-featurednews","14":"tag-headlines","15":"tag-latest-news","16":"tag-latestnews","17":"tag-latvia","18":"tag-latvian","19":"tag-latviesu","20":"tag-latviesu-valoda","21":"tag-latviesuvaloda","22":"tag-latvija","23":"tag-lusis-komente","24":"tag-lv","25":"tag-news","26":"tag-niks-endzins","27":"tag-popularakas-zinas","28":"tag-popularakaszinas","29":"tag-slavenibas-bez-filtra","30":"tag-toms-lusis","31":"tag-top-stories","32":"tag-topstories","33":"tag-tvnet-viedokli","34":"tag-viltus-zinas","35":"tag-zinas"},"share_on_mastodon":{"url":"https:\/\/pubeurope.com\/@lv\/115903797899376580","error":""},"_links":{"self":[{"href":"https:\/\/www.europesays.com\/lv\/wp-json\/wp\/v2\/posts\/106211","targetHints":{"allow":["GET"]}}],"collection":[{"href":"https:\/\/www.europesays.com\/lv\/wp-json\/wp\/v2\/posts"}],"about":[{"href":"https:\/\/www.europesays.com\/lv\/wp-json\/wp\/v2\/types\/post"}],"author":[{"embeddable":true,"href":"https:\/\/www.europesays.com\/lv\/wp-json\/wp\/v2\/users\/2"}],"replies":[{"embeddable":true,"href":"https:\/\/www.europesays.com\/lv\/wp-json\/wp\/v2\/comments?post=106211"}],"version-history":[{"count":0,"href":"https:\/\/www.europesays.com\/lv\/wp-json\/wp\/v2\/posts\/106211\/revisions"}],"wp:featuredmedia":[{"embeddable":true,"href":"https:\/\/www.europesays.com\/lv\/wp-json\/wp\/v2\/media\/106212"}],"wp:attachment":[{"href":"https:\/\/www.europesays.com\/lv\/wp-json\/wp\/v2\/media?parent=106211"}],"wp:term":[{"taxonomy":"category","embeddable":true,"href":"https:\/\/www.europesays.com\/lv\/wp-json\/wp\/v2\/categories?post=106211"},{"taxonomy":"post_tag","embeddable":true,"href":"https:\/\/www.europesays.com\/lv\/wp-json\/wp\/v2\/tags?post=106211"}],"curies":[{"name":"wp","href":"https:\/\/api.w.org\/{rel}","templated":true}]}}