{"id":106213,"date":"2026-01-16T08:19:06","date_gmt":"2026-01-16T08:19:06","guid":{"rendered":"https:\/\/www.europesays.com\/lv\/106213\/"},"modified":"2026-01-16T08:19:06","modified_gmt":"2026-01-16T08:19:06","slug":"foto-zeltina-cerina-kaktins-tur-bija-visi-pasmaju-slavenibas-bauda-ipasu-multimedialas-makslas-pieredzi","status":"publish","type":"post","link":"https:\/\/www.europesays.com\/lv\/106213\/","title":{"rendered":"Foto. Zelti\u0146a, Ceri\u0146a, Kakti\u0146\u0161 \u2013 tur bija visi! Pa\u0161m\u0101ju slaven\u012bbas bauda \u012bpa\u0161u multimedi\u0101l\u0101s m\u0101kslas pieredzi"},"content":{"rendered":"<p>            Pa\u0161m\u0101ju slaven\u012bbas bauda \u012bpa\u0161u multimedi\u0101l\u0101s m\u0101kslas pieredzi<\/p>\n<p>10:08, 16. janv\u0101ris 2026<\/p>\n<p>R\u012bg\u0101, Vidzemes tirg\u016b, svin\u012bg\u0101 gaisotn\u0113 aizvad\u012bts imers\u012bv\u0101s multimedi\u0101l\u0101s m\u0101kslas pieredzes DA VINCI GENIUS ofici\u0101lais atkl\u0101\u0161anas pas\u0101kums, pulc\u0113jot kult\u016bras, rado\u0161o industriju un uz\u0146\u0113m\u0113jdarb\u012bbas p\u0101rst\u0101vjus, k\u0101 ar\u012b sabiedr\u012bb\u0101 zin\u0101mas person\u012bbas. Pas\u0101kuma viesiem bija iesp\u0113ja kl\u0101tien\u0113 piedz\u012bvot 360 gr\u0101du vizualiz\u0101cij\u0101s atdz\u012bvin\u0101to Leonardo da Vin\u010di \u0123\u0113nija pasauli un iepaz\u012bt vair\u0101k nek\u0101 piecdesmit vi\u0146a ikonisk\u0101kos darbus.<\/p>\n<p>        Las\u012bt\u0101kie<br \/>\n        <a data-imagesrc=\"{&quot;300&quot;:&quot;https:\\\/\\\/lastatic.ams3.cdn.digitaloceanspaces.com\\\/2026\\\/01\\\/Ganibu-300x225.jpg&quot;,&quot;1024&quot;:&quot;https:\\\/\\\/lastatic.ams3.cdn.digitaloceanspaces.com\\\/2026\\\/01\\\/Ganibu-1024x768.jpg&quot;,&quot;1536&quot;:&quot;https:\\\/\\\/lastatic.ams3.cdn.digitaloceanspaces.com\\\/2026\\\/01\\\/Ganibu-1536x1152.jpg&quot;,&quot;500&quot;:&quot;https:\\\/\\\/lastatic.ams3.cdn.digitaloceanspaces.com\\\/2026\\\/01\\\/Ganibu-500x375.jpg&quot;,&quot;800&quot;:&quot;https:\\\/\\\/lastatic.ams3.cdn.digitaloceanspaces.com\\\/2026\\\/01\\\/Ganibu-800x600.jpg&quot;,&quot;1600&quot;:&quot;https:\\\/\\\/lastatic.ams3.cdn.digitaloceanspaces.com\\\/2026\\\/01\\\/Ganibu.jpg&quot;}\" data-focuspoint=\"&quot;&quot;\" data-p=\"2495340\" href=\"https:\/\/www.la.lv\/spradziens-ganibu-dambi-dzivokla-saimnieks-atklaj-iespejamo-nelaimes-iemeslu\" class=\"content-item lazy-load\" wp_automatic_readability=\"26\" rel=\"nofollow noopener\" target=\"_blank\"><\/p>\n<p>                                <img decoding=\"async\" src=\"\" alt=\"\" style=\"\" data-imageid=\"\"\/><\/p>\n<p>\n                                                Spr\u0101dziens Gan\u012bbu damb\u012b \u2013 dz\u012bvok\u013ca saimnieks atkl\u0101j iesp\u0113jamo nelaimes iemeslu\n                            <\/p>\n<p><\/a><a data-imagesrc=\"{&quot;300&quot;:&quot;https:\\\/\\\/lastatic.ams3.cdn.digitaloceanspaces.com\\\/2025\\\/10\\\/pexels-vika-glitter-392079-3766479-300x231.jpg&quot;,&quot;1024&quot;:&quot;https:\\\/\\\/lastatic.ams3.cdn.digitaloceanspaces.com\\\/2025\\\/10\\\/pexels-vika-glitter-392079-3766479-1024x788.jpg&quot;,&quot;1536&quot;:&quot;https:\\\/\\\/lastatic.ams3.cdn.digitaloceanspaces.com\\\/2025\\\/10\\\/pexels-vika-glitter-392079-3766479-1536x1181.jpg&quot;,&quot;500&quot;:&quot;https:\\\/\\\/lastatic.ams3.cdn.digitaloceanspaces.com\\\/2025\\\/10\\\/pexels-vika-glitter-392079-3766479-500x385.jpg&quot;,&quot;800&quot;:&quot;https:\\\/\\\/lastatic.ams3.cdn.digitaloceanspaces.com\\\/2025\\\/10\\\/pexels-vika-glitter-392079-3766479-800x615.jpg&quot;,&quot;2560&quot;:&quot;https:\\\/\\\/lastatic.ams3.cdn.digitaloceanspaces.com\\\/2025\\\/10\\\/pexels-vika-glitter-392079-3766479-scaled.jpg&quot;}\" data-focuspoint=\"&quot;&quot;\" data-p=\"2492801\" href=\"https:\/\/www.la.lv\/sis-tris-zodiaka-zimes-redz-tev-cauri-vinam-piemit-istas-detektiva-prasmes\" class=\"content-item lazy-load\" wp_automatic_readability=\"26\" rel=\"nofollow noopener\" target=\"_blank\"><\/p>\n<p>                                <img decoding=\"async\" src=\"\" alt=\"\" style=\"\" data-imageid=\"\"\/><\/p>\n<p>                                Kokteilis<\/p>\n<p>\n                                                \u0160\u012bs tr\u012bs zodiaka z\u012bmes redz tev cauri: vi\u0146\u0101m piem\u012bt \u012bstas detekt\u012bva prasmes\n                            <\/p>\n<p><\/a><a data-imagesrc=\"{&quot;300&quot;:&quot;https:\\\/\\\/lastatic.ams3.cdn.digitaloceanspaces.com\\\/2024\\\/04\\\/LET_24762978-1-300x199.jpg&quot;,&quot;768&quot;:&quot;https:\\\/\\\/lastatic.ams3.cdn.digitaloceanspaces.com\\\/2024\\\/04\\\/LET_24762978-1-768x510.jpg&quot;,&quot;200&quot;:&quot;https:\\\/\\\/lastatic.ams3.cdn.digitaloceanspaces.com\\\/2024\\\/04\\\/LET_24762978-1-200x133.jpg&quot;,&quot;400&quot;:&quot;https:\\\/\\\/lastatic.ams3.cdn.digitaloceanspaces.com\\\/2024\\\/04\\\/LET_24762978-1-400x266.jpg&quot;,&quot;500&quot;:&quot;https:\\\/\\\/lastatic.ams3.cdn.digitaloceanspaces.com\\\/2024\\\/04\\\/LET_24762978-1-500x332.jpg&quot;,&quot;800&quot;:&quot;https:\\\/\\\/lastatic.ams3.cdn.digitaloceanspaces.com\\\/2024\\\/04\\\/LET_24762978-1-800x531.jpg&quot;,&quot;1000&quot;:&quot;https:\\\/\\\/lastatic.ams3.cdn.digitaloceanspaces.com\\\/2024\\\/04\\\/LET_24762978-1.jpg&quot;}\" data-focuspoint=\"{&quot;x&quot;:&quot;47.38156399614123&quot;,&quot;y&quot;:&quot;33.25313680149975&quot;}\" data-p=\"2494626\" href=\"https:\/\/www.la.lv\/karmiska-vilkme-uz-lindam-pilseta-baumo-ka-hosams-abu-meri-ir-ar-jau-treso-lindu\" class=\"content-item lazy-load\" wp_automatic_readability=\"26.5\" rel=\"nofollow noopener\" target=\"_blank\"><\/p>\n<p>                                <img decoding=\"async\" src=\"\" alt=\"\" style=\"object-position: 47.38156399614123% 33.25313680149975%\" data-imageid=\"\"\/><\/p>\n<p>                                Kokteilis<\/p>\n<p>\n                                                \u201cKarmiska vilkme uz Lind\u0101m\u201d \u2013 pils\u0113t\u0101 baumo, ka Hosams Abu Meri ir ar jau tre\u0161o Lindu\n                            <\/p>\n<p><\/a><br \/>\n        <a class=\"read-more\" href=\"https:\/\/www.la.lv\/top\" rel=\"nofollow noopener\" target=\"_blank\">Las\u012bt citas zi\u0146as<\/a><\/p>\n<p>Atkl\u0101\u0161anas pas\u0101kum\u0101 viesi nov\u0113rt\u0113ja m\u0101kslas m\u016bsdien\u012bgo form\u0101tu un saturisko dzi\u013cumu, kas balst\u012bts ne tikai Leonardo da Vin\u010di m\u0101kslas darbos, bet ar\u012b vi\u0146a zin\u0101tniskajos p\u0113t\u012bjumos, izgudrojumos un idej\u0101s, kas p\u0101rsteidzo\u0161i sasaucas ar m\u016bsdienu glob\u0101lajiem izaicin\u0101jumiem. Multimedi\u0101l\u0101 pieredze apvieno vizu\u0101lo st\u0101st\u012bjumu, interakt\u012bvus elementus, gaismas un ska\u0146as sasp\u0113li, radot emocion\u0101li pies\u0101tin\u0101tu un intelektu\u0101li rosino\u0161u vidi.<\/p>\n<p>\u201cOfici\u0101l\u0101s atkl\u0101\u0161anas vakars spilgti apliecin\u0101ja, ka DA VINCI GENIUS uzrun\u0101 \u013coti pla\u0161u auditoriju \u2013 no m\u0101kslas profesion\u0101\u013ciem l\u012bdz \u0123imen\u0113m un jaunie\u0161iem. Mums bija svar\u012bgi rad\u012bt ne tikai vizu\u0101li iespaid\u012bgu, bet ar\u012b dom\u0101\u0161anu rosino\u0161u pieredzi, kas iedvesmo uzdot jaut\u0101jumus un skat\u012bties uz pasauli no jauna skatpunkta,\u201d uzsver izst\u0101des DA VINCI GENIUS vad\u012bt\u0101ja Agnese \u010cikule.<\/p>\n<p>    CITI \u0160OBR\u012aD LASA<\/p>\n<p>Pas\u0101kuma laik\u0101 viesi dal\u012bj\u0101s iespaidos par izst\u0101des inovat\u012bvo pieeju, uzsverot t\u0101s potenci\u0101lu k\u0101 noz\u012bm\u012bgu kult\u016bras un izgl\u012bt\u012bbas notikumu R\u012bgas kult\u016bras dz\u012bv\u0113. \u012apa\u0161u uzman\u012bbu izpeln\u012bj\u0101s 360 gr\u0101du ska\u0146as pieredze ar Grammy balvai nomin\u0113t\u0101 DJ Sasha veidoto m\u016bziku, kas pastiprin\u0101ja emocion\u0101lo iesaisti un kl\u0101tb\u016btnes saj\u016btu.<\/p>\n<p>\u201cDA VINCI GENIUS pieredze apliecina to, cik sp\u0113c\u012bgi digit\u0101l\u0101s tehnolo\u0123ijas var veicin\u0101t rado\u0161umu un cilv\u0113ka izt\u0113li. Izst\u0101des unik\u0101lais form\u0101ts \u013cauj Leonardo da Vin\u010di idej\u0101m uzrun\u0101t m\u016bsdienu auditoriju vienk\u0101r\u0161\u0101, emocion\u0101l\u0101 un saprotam\u0101 veid\u0101. Ar\u012b m\u0113s, Citadel\u0113, ticam, ka inov\u0101cij\u0101m ir j\u0113ga tad, ja t\u0101s padara sare\u017e\u0123\u012bto pieejam\u0101ku un tuv\u0101ku cilv\u0113kiem,\u201d saka bankas Citadele Baltijas klientu apkalpo\u0161anas da\u013cas vad\u012bt\u0101js Toms St\u0101rosts.<\/p>\n<p>Par imers\u012bv\u0101s multimedi\u0101l\u0101s m\u0101kslas norises vietu izv\u0113l\u0113tais Vidzemes tirgus ofici\u0101l\u0101s atkl\u0101\u0161anas laik\u0101 v\u0113lreiz apliecin\u0101ja savu daudzfunkcion\u0101lo potenci\u0101lu k\u0101 m\u016bsdien\u012bga kult\u016bras telpa, kur\u0101 organiski savijas v\u0113sturisk\u0101 vide un laikmet\u012bg\u0101 m\u0101ksla. Pas\u0101kumu apmekl\u0113ja pla\u0161s sabiedr\u012bb\u0101 zin\u0101mu personu loks, kuru interese apliecin\u0101ja izst\u0101des aktualit\u0101ti un pievilc\u012bbu pla\u0161\u0101kai sabiedr\u012bbai.<\/p>\n<p>\u0160is nep\u0101rprotami ir viens no \u0161\u012bs sezonas iev\u0113rojam\u0101kajiem kult\u016bras notikumiem R\u012bg\u0101. Imers\u012bv\u0101 multimedi\u0101l\u0101 pieredze DA VINCI GENIUS aicina apmekl\u0113t\u0101jus ienirt m\u0101kslas, zin\u0101tnes un izt\u0113les sasp\u0113l\u0113 piln\u012bgi jaun\u0101 form\u0101t\u0101.<\/p>\n<p>Apmekl\u0113t\u0101ji tiek aicin\u0101ti doties pazust multimedi\u0101laj\u0101 telp\u0101 vieni vai kop\u0101 ar \u0123imeni un draugiem, piedz\u012bvojot interakt\u012bvu, vizu\u0101li un skaniski bag\u0101tu ce\u013cojumu cauri Leonardo da Vin\u010di \u0123\u0113nija pasaulei.<\/p>\n<p>DA VINCI GENIUS R\u012bg\u0101 \u012bsteno \u201cPoCo\u201d Pop\u0101rta un laikmet\u012bg\u0101s m\u0101kslas muzejs no Tallinas sadarb\u012bb\u0101 ar \u201cPhoenix Immersive\u201d un Berl\u012bnes rado\u0161\u0101s industrijas profesion\u0101\u013ciem flora&amp;faunavisions. Multimedi\u0101lo pieredzi papildina \u012bpa\u0161i kompon\u0113ta m\u016bzika un 360 gr\u0101du ska\u0146as dizains, ko veidojis Grammy balvai nomin\u0113tais DJ Sasha.<\/p>\n<p>    SAIST\u012aTIE RAKSTI<\/p>\n","protected":false},"excerpt":{"rendered":"Pa\u0161m\u0101ju slaven\u012bbas bauda \u012bpa\u0161u multimedi\u0101l\u0101s m\u0101kslas pieredzi 10:08, 16. janv\u0101ris 2026 R\u012bg\u0101, Vidzemes tirg\u016b, svin\u012bg\u0101 gaisotn\u0113 aizvad\u012bts imers\u012bv\u0101s&hellip;\n","protected":false},"author":2,"featured_media":106214,"comment_status":"","ping_status":"","sticky":false,"template":"","format":"standard","meta":{"footnotes":""},"categories":[19],"tags":[89,90,35,39,38,36,37,34,40],"class_list":{"0":"post-106213","1":"post","2":"type-post","3":"status-publish","4":"format-standard","5":"has-post-thumbnail","7":"category-izklaide","8":"tag-entertainment","9":"tag-izklaide","10":"tag-latvia","11":"tag-latvian","12":"tag-latviesu","13":"tag-latviesu-valoda","14":"tag-latviesuvaloda","15":"tag-latvija","16":"tag-lv"},"share_on_mastodon":{"url":"https:\/\/pubeurope.com\/@lv\/115903801923022083","error":""},"_links":{"self":[{"href":"https:\/\/www.europesays.com\/lv\/wp-json\/wp\/v2\/posts\/106213","targetHints":{"allow":["GET"]}}],"collection":[{"href":"https:\/\/www.europesays.com\/lv\/wp-json\/wp\/v2\/posts"}],"about":[{"href":"https:\/\/www.europesays.com\/lv\/wp-json\/wp\/v2\/types\/post"}],"author":[{"embeddable":true,"href":"https:\/\/www.europesays.com\/lv\/wp-json\/wp\/v2\/users\/2"}],"replies":[{"embeddable":true,"href":"https:\/\/www.europesays.com\/lv\/wp-json\/wp\/v2\/comments?post=106213"}],"version-history":[{"count":0,"href":"https:\/\/www.europesays.com\/lv\/wp-json\/wp\/v2\/posts\/106213\/revisions"}],"wp:featuredmedia":[{"embeddable":true,"href":"https:\/\/www.europesays.com\/lv\/wp-json\/wp\/v2\/media\/106214"}],"wp:attachment":[{"href":"https:\/\/www.europesays.com\/lv\/wp-json\/wp\/v2\/media?parent=106213"}],"wp:term":[{"taxonomy":"category","embeddable":true,"href":"https:\/\/www.europesays.com\/lv\/wp-json\/wp\/v2\/categories?post=106213"},{"taxonomy":"post_tag","embeddable":true,"href":"https:\/\/www.europesays.com\/lv\/wp-json\/wp\/v2\/tags?post=106213"}],"curies":[{"name":"wp","href":"https:\/\/api.w.org\/{rel}","templated":true}]}}