{"id":106217,"date":"2026-01-16T08:23:08","date_gmt":"2026-01-16T08:23:08","guid":{"rendered":"https:\/\/www.europesays.com\/lv\/106217\/"},"modified":"2026-01-16T08:23:08","modified_gmt":"2026-01-16T08:23:08","slug":"foto-un-video-%e2%9f%a9-tragedija-kekavas-pagasta-dzivojamas-majas-ugunsgreka-gajusi-boja-divi-berni-un-vairaki-cilveki-cietusi","status":"publish","type":"post","link":"https:\/\/www.europesays.com\/lv\/106217\/","title":{"rendered":"FOTO UN VIDEO \u27e9 Tra\u0123\u0113dija \u0136ekavas pagast\u0101. Dz\u012bvojam\u0101s m\u0101jas ugunsgr\u0113k\u0101 g\u0101ju\u0161i boj\u0101 divi b\u0113rni un vair\u0101ki cilv\u0113ki cietu\u0161i"},"content":{"rendered":"<p>Neatliekam\u0101s medic\u012bnisk\u0101s pal\u012bdz\u012bbas dienest\u0101 a\u0123ent\u016brai LETA apstiprin\u0101ja, ka boj\u0101g\u0101ju\u0161ie ir nepilngad\u012bgi. <a href=\"https:\/\/www.apollo.lv\/term\/555502\/ugunsgreks\" class=\"topicLink\" target=\"_blank\" rel=\"nofollow noopener\">Ugunsgr\u0113ks<\/a> noticis \u0113k\u0101 Jaunlazdu iel\u0101 5.<\/p>\n<p>Plkst. 4.59 VUGD sa\u0146\u0113ma inform\u0101ciju, ka \u0136ekavas novad\u0101 \u010detrst\u0101vu dz\u012bvojam\u0101s m\u0101jas pirm\u0101 st\u0101va dz\u012bvokl\u012b ir izc\u0113lies ugunsgr\u0113ks. Ierodoties notikuma viet\u0101, ugunsdz\u0113s\u0113ji gl\u0101b\u0113ji konstat\u0113ja, ka pa \u0113kas st\u0101viem strauji ar atkl\u0101tu liesmu izplat\u0101s deg\u0161ana. Ugunsdz\u0113s\u0113ji gl\u0101b\u0113ji nekav\u0113joties s\u0101ka visu dz\u012bvok\u013cu p\u0101rmekl\u0113\u0161anu un cilv\u0113ku gl\u0101b\u0161anu.<\/p>\n<p>Foto: Ugunsgr\u0113ks \u0136ekavas pagast\u0101<\/p>\n<p>No dego\u0161\u0101s \u0113kas ugunsdz\u0113s\u0113ji izgl\u0101ba 29 cilv\u0113kus, no tiem 18 ar gl\u0101b\u0161anas mask\u0101m, se\u0161us ar autok\u0101pn\u0113m un piecus ar tr\u012bsposmu izb\u012bd\u0101maj\u0101m k\u0101pn\u0113m.<\/p>\n<p>Video: Aculiecinieka video<\/p>\n<p>Neatliekam\u0101s medic\u012bnisk\u0101s pal\u012bdz\u012bbas dienesta pal\u012bdz\u012bba bija nepiecie\u0161ama septi\u0146iem cilv\u0113kiem, no kuriem \u010detri bija cietu\u0161i, no tiem tr\u012bs tika hospitaliz\u0113ti, bet v\u0113l trijiem hospitaliz\u0101cija nebija nepiecie\u0161ama.<\/p>\n<p>Ugunsgr\u0113k\u0101 g\u0101ja boj\u0101 divi cilv\u0113ki. Pa\u0161u sp\u0113kiem no \u0113kas evaku\u0113j\u0101s v\u0113l 15 cilv\u0113ki.<\/p>\n<p>Piektdienas r\u012bt\u0101 ugunsdz\u0113s\u0113ji gl\u0101b\u0113ji turpina darbu notikuma viet\u0101 &#8211; notiek konstrukciju jauk\u0161ana.<\/p>\n<p>\u0136ekavas novada pa\u0161vald\u012bb\u0101 a\u0123ent\u016brai LETA apliecin\u0101ja, ka saist\u012bb\u0101 ar notiku\u0161o piektdienas r\u012bt\u0101 notiks kr\u012b\u017eu vad\u012bbas grupas s\u0113de, kur\u0101 pl\u0101nots p\u0101rrun\u0101t tostarp nepiecie\u0161amo pal\u012bdz\u012bbu cietu\u0161ajiem.<\/p>\n","protected":false},"excerpt":{"rendered":"Neatliekam\u0101s medic\u012bnisk\u0101s pal\u012bdz\u012bbas dienest\u0101 a\u0123ent\u016brai LETA apstiprin\u0101ja, ka boj\u0101g\u0101ju\u0161ie ir nepilngad\u012bgi. Ugunsgr\u0113ks noticis \u0113k\u0101 Jaunlazdu iel\u0101 5. Plkst.&hellip;\n","protected":false},"author":2,"featured_media":106218,"comment_status":"","ping_status":"","sticky":false,"template":"","format":"standard","meta":{"footnotes":""},"categories":[12],"tags":[23,28,29,32,33,22,25399,30,31,35,39,38,36,37,34,40,20,26,27,24,25,2425,377,21],"class_list":{"0":"post-106217","1":"post","2":"type-post","3":"status-publish","4":"format-standard","5":"has-post-thumbnail","7":"category-latvija","8":"tag-aktualitates","9":"tag-breaking-news","10":"tag-breakingnews","11":"tag-featured-news","12":"tag-featurednews","13":"tag-headlines","14":"tag-kekavas-pagasts","15":"tag-latest-news","16":"tag-latestnews","17":"tag-latvia","18":"tag-latvian","19":"tag-latviesu","20":"tag-latviesu-valoda","21":"tag-latviesuvaloda","22":"tag-latvija","23":"tag-lv","24":"tag-news","25":"tag-popularakas-zinas","26":"tag-popularakaszinas","27":"tag-top-stories","28":"tag-topstories","29":"tag-tragedija","30":"tag-ugunsgreks","31":"tag-zinas"},"share_on_mastodon":{"url":"https:\/\/pubeurope.com\/@lv\/115903817541204172","error":""},"_links":{"self":[{"href":"https:\/\/www.europesays.com\/lv\/wp-json\/wp\/v2\/posts\/106217","targetHints":{"allow":["GET"]}}],"collection":[{"href":"https:\/\/www.europesays.com\/lv\/wp-json\/wp\/v2\/posts"}],"about":[{"href":"https:\/\/www.europesays.com\/lv\/wp-json\/wp\/v2\/types\/post"}],"author":[{"embeddable":true,"href":"https:\/\/www.europesays.com\/lv\/wp-json\/wp\/v2\/users\/2"}],"replies":[{"embeddable":true,"href":"https:\/\/www.europesays.com\/lv\/wp-json\/wp\/v2\/comments?post=106217"}],"version-history":[{"count":0,"href":"https:\/\/www.europesays.com\/lv\/wp-json\/wp\/v2\/posts\/106217\/revisions"}],"wp:featuredmedia":[{"embeddable":true,"href":"https:\/\/www.europesays.com\/lv\/wp-json\/wp\/v2\/media\/106218"}],"wp:attachment":[{"href":"https:\/\/www.europesays.com\/lv\/wp-json\/wp\/v2\/media?parent=106217"}],"wp:term":[{"taxonomy":"category","embeddable":true,"href":"https:\/\/www.europesays.com\/lv\/wp-json\/wp\/v2\/categories?post=106217"},{"taxonomy":"post_tag","embeddable":true,"href":"https:\/\/www.europesays.com\/lv\/wp-json\/wp\/v2\/tags?post=106217"}],"curies":[{"name":"wp","href":"https:\/\/api.w.org\/{rel}","templated":true}]}}