{"id":106219,"date":"2026-01-16T08:24:06","date_gmt":"2026-01-16T08:24:06","guid":{"rendered":"https:\/\/www.europesays.com\/lv\/106219\/"},"modified":"2026-01-16T08:24:06","modified_gmt":"2026-01-16T08:24:06","slug":"islande-valda-satraukums-pec-trampa-sabiedrota-pajokosanas","status":"publish","type":"post","link":"https:\/\/www.europesays.com\/lv\/106219\/","title":{"rendered":"Island\u0113 valda satraukums p\u0113c Trampa sabiedrot\u0101 pajoko\u0161an\u0101s"},"content":{"rendered":"<p class=\"descr\">Billija Longa joks par Zieme\u013catlantijas salu izr\u0101d\u012bj\u0101s spr\u0101dzienb\u012bstams laik\u0101, kad pasaul\u0113 jau valda milz\u012bga spriedze par Grenlandes \u012bpa\u0161umties\u012bb\u0101m, raksta \u201cPolitico\u201d.<\/p>\n<p>Vispirms Grenlande, tagad ar\u012b Islande?<\/p>\n<p>Reikjav\u012bka ir noraiz\u0113jusies par Amerikas pieaugo\u0161aj\u0101m teritori\u0101laj\u0101m amb\u012bcij\u0101m p\u0113c tam, kad Billijs Longs pajokoja, ka Islande b\u016bs 52. ASV \u0161tats un vi\u0146\u0161 b\u016bs gubernators. \u0160obr\u012bd Longs ir ASV v\u0113stnieka Island\u0113 amata kandid\u0101ts.<\/p>\n<p>&#8220;\u0100rlietu ministrija ir sazin\u0101jusies ar ASV v\u0113stniec\u012bbu Island\u0113, lai p\u0101rbaud\u012btu iesp\u0113jamo koment\u0101ru patiesumu,&#8221; pazi\u0146ojum\u0101 nor\u0101d\u012bja Islandes \u0100rlietu ministrija.<\/p>\n<p>Longs ir biju\u0161ais republik\u0101\u0146u kongresmenis no Mis\u016bri \u0161tata, kuru Tramps nomin\u0113ja par jauno ASV v\u0113stnieku Island\u0113, aizst\u0101jot Karinu Patmanu. P\u0113c Longa koment\u0101riem islandie\u0161i iesniedza pet\u012bciju, kur\u0101 mudin\u0101ja \u0101rlietu ministri Katr\u012bnu Gunnarsdotiru noraid\u012bt vi\u0146a kandidat\u016bru v\u0113stnieka amatam. Pa\u0161laik sav\u0101kti jau 2000 parakstu.<\/p>\n<p>&#8220;\u0160ie Billija Longa, kuru Donalds Tramps ir nomin\u0113jis par v\u0113stnieku Island\u0113, v\u0101rdi varb\u016bt tika izteikti pavir\u0161i, ta\u010du tie ir apvainojo\u0161i Islandei un islandie\u0161iem, kuriem ir n\u0101cies c\u012bn\u012bties par savu br\u012bv\u012bbu un kuri vienm\u0113r ir biju\u0161i Amerikas Savienoto Valstu draugi,&#8221; teikts pet\u012bcij\u0101.<\/p>\n<p>&#8220;M\u0113s v\u0113lamies, lai Billija Longa kandidat\u016bra v\u0113stnieka Island\u0113 amatam tiktu noraid\u012bta un aicin\u0101tu Amerikas Savienot\u0101s Valstis nomin\u0113t citu kandid\u0101tu, kur\u0161 izr\u0101d\u012bs Islandei un islandie\u0161iem liel\u0101ku cie\u0146u,&#8221; taj\u0101 piebilsts.<\/p>\n<p>Longa piez\u012bme izskan\u0113jusi laik\u0101, kad pasaul\u0113 valda diplom\u0101tisks sasp\u012bl\u0113jums par Grenlandi, D\u0101nijas pa\u0161p\u0101rvaldes teritoriju, kuru Tramps draud ie\u0146emt, iesp\u0113jams, izmantojot milit\u0101ru sp\u0113ku, apgalvojot, ka ASV &#8220;Grenlande ir nepiecie\u0161ama nacion\u0101l\u0101s dro\u0161\u012bbas labad&#8221;.<\/p>\n<p>Longs otrdien nesniedza koment\u0101rus par saviem izteikumiem. <\/p>\n<p><a href=\"https:\/\/nra.lv\/politika\/511547-asv-ambicijas-uz-grenlandi-paliek-nemainigas.htm\" data-item-link=\"true\" data-item-id=\"511547\" rel=\"nofollow noopener\" target=\"_blank\">Eiropas l\u012bderi atbalsta grenlandie\u0161us<\/a>, kuri vair\u0101kk\u0101rt ir teiku\u0161i, ka nev\u0113las k\u013c\u016bt par amerik\u0101\u0146iem.<\/p>\n<p>\t\t\t\t\t\tinfo<\/p>\n<p>Uzzini pirmais<br \/>kas interesants noticis Latvij\u0101 un pasaul\u0113,<br \/>pievienojoties mums <a href=\"https:\/\/t.me\/neatkariga\" rel=\"nofollow\">Telegram<\/a> vai <a href=\"https:\/\/whatsapp.com\/channel\/0029VaMLFUH5K3zLU5s4wm3y\" rel=\"nofollow noopener\" target=\"_blank\">Whatsapp<\/a> kan\u0101l\u0101<\/p>\n","protected":false},"excerpt":{"rendered":"Billija Longa joks par Zieme\u013catlantijas salu izr\u0101d\u012bj\u0101s spr\u0101dzienb\u012bstams laik\u0101, kad pasaul\u0113 jau valda milz\u012bga spriedze par Grenlandes \u012bpa\u0161umties\u012bb\u0101m,&hellip;\n","protected":false},"author":2,"featured_media":106220,"comment_status":"","ping_status":"","sticky":false,"template":"","format":"standard","meta":{"footnotes":""},"categories":[5],"tags":[23,28,29,32,33,22,30,31,35,39,38,36,37,34,40,20,26,27,24,25,21],"class_list":{"0":"post-106219","1":"post","2":"type-post","3":"status-publish","4":"format-standard","5":"has-post-thumbnail","7":"category-aktualitates","8":"tag-aktualitates","9":"tag-breaking-news","10":"tag-breakingnews","11":"tag-featured-news","12":"tag-featurednews","13":"tag-headlines","14":"tag-latest-news","15":"tag-latestnews","16":"tag-latvia","17":"tag-latvian","18":"tag-latviesu","19":"tag-latviesu-valoda","20":"tag-latviesuvaloda","21":"tag-latvija","22":"tag-lv","23":"tag-news","24":"tag-popularakas-zinas","25":"tag-popularakaszinas","26":"tag-top-stories","27":"tag-topstories","28":"tag-zinas"},"share_on_mastodon":{"url":"https:\/\/pubeurope.com\/@lv\/115903821528915281","error":""},"_links":{"self":[{"href":"https:\/\/www.europesays.com\/lv\/wp-json\/wp\/v2\/posts\/106219","targetHints":{"allow":["GET"]}}],"collection":[{"href":"https:\/\/www.europesays.com\/lv\/wp-json\/wp\/v2\/posts"}],"about":[{"href":"https:\/\/www.europesays.com\/lv\/wp-json\/wp\/v2\/types\/post"}],"author":[{"embeddable":true,"href":"https:\/\/www.europesays.com\/lv\/wp-json\/wp\/v2\/users\/2"}],"replies":[{"embeddable":true,"href":"https:\/\/www.europesays.com\/lv\/wp-json\/wp\/v2\/comments?post=106219"}],"version-history":[{"count":0,"href":"https:\/\/www.europesays.com\/lv\/wp-json\/wp\/v2\/posts\/106219\/revisions"}],"wp:featuredmedia":[{"embeddable":true,"href":"https:\/\/www.europesays.com\/lv\/wp-json\/wp\/v2\/media\/106220"}],"wp:attachment":[{"href":"https:\/\/www.europesays.com\/lv\/wp-json\/wp\/v2\/media?parent=106219"}],"wp:term":[{"taxonomy":"category","embeddable":true,"href":"https:\/\/www.europesays.com\/lv\/wp-json\/wp\/v2\/categories?post=106219"},{"taxonomy":"post_tag","embeddable":true,"href":"https:\/\/www.europesays.com\/lv\/wp-json\/wp\/v2\/tags?post=106219"}],"curies":[{"name":"wp","href":"https:\/\/api.w.org\/{rel}","templated":true}]}}