{"id":106221,"date":"2026-01-16T08:25:09","date_gmt":"2026-01-16T08:25:09","guid":{"rendered":"https:\/\/www.europesays.com\/lv\/106221\/"},"modified":"2026-01-16T08:25:09","modified_gmt":"2026-01-16T08:25:09","slug":"janis-jarans-par-pagatne-pielautajam-kludam-man-ir-kauns","status":"publish","type":"post","link":"https:\/\/www.europesays.com\/lv\/106221\/","title":{"rendered":"J\u0101nis Jar\u0101ns par pag\u0101tn\u0113 pie\u013cautaj\u0101m k\u013c\u016bd\u0101m: &#8220;Man ir kauns\u2026&#8221;"},"content":{"rendered":"<p class=\"MsoNormal\">Jar\u0101ns atminas, ka liel\u0101 popularit\u0101te vi\u0146u sasniedza 90. gados p\u0113c dal\u012bbas kulta raid\u012bjum\u0101 &#8220;Imanta-Bab\u012bte&#8221;. Toreiz izveidotais humora duets ar Daini Porgantu padar\u012bja vi\u0146u par vienu no zin\u0101m\u0101kaj\u0101m person\u0101m valst\u012b.<\/p>\n<p><img decoding=\"async\" class=\"figure__image\" onclick=\"triggerEvent('articleImageClick', { id: 10310598, focus: 'single-image', focusIndex: '10310598' })\" onkeydown=\"if (event.key === 'Enter') {&#10;        triggerEvent('articleImageClick', { id: 10310598, focus: 'single-image', focusIndex: '10310598' })&#10;        }\" role=\"button\" tabindex=\"0\" data-focus-from=\"single-image\" data-focus-index=\"10310598\" src=\"https:\/\/www.europesays.com\/lv\/wp-content\/uploads\/2026\/01\/10310598t1h5770.jpg\"  onload=\"this.parentElement.classList.remove('figure__image-loading')\" alt=\"Aktieri Danis Porgants un J\u0101nis Jar\u0101ns.\"\/>Aktieri Danis Porgants un J\u0101nis Jar\u0101ns. Foto: no personisk\u0101 arh\u012bva<\/p>\n<p class=\"MsoNormal\">Tom\u0113r m\u0101kslinieks nor\u0101da, ka nekad nav t\u012b\u0161i tiecies p\u0113c slavas &#8211; vi\u0146a ieskat\u0101 tas ir tikai aktiera darba blakusprodukts, par kuru j\u0101maks\u0101 d\u0101rga cena, bie\u017ei vien upur\u0113jot laiku ar tuvajiem:<\/p>\n<blockquote class=\"quote ck-widget\" contenteditable=\"false\">\n<p>&#8220;Man ir kauns, ka es neredz\u0113ju, k\u0101 manas tr\u012bs meitas izaug.<\/p>\n<\/blockquote>\n<p class=\"MsoNormal\">Sieva daudz pal\u012bdz\u0113ja &#8211; gan audzin\u0101ja, gan dar\u012bja visu m\u0101j\u0101s. Es, protams, visu atkal g\u0101d\u0101ju, lai vi\u0146ai ne par ko citu neb\u016btu j\u0101dom\u0101 un viss b\u016btu \u0123imen\u0113 vienm\u0113r pa rokai.&#8221;<\/p>\n<p><img decoding=\"async\" class=\"figure__image\" onclick=\"triggerEvent('articleImageClick', { id: 13113568, focus: 'single-image', focusIndex: '13113568' })\" onkeydown=\"if (event.key === 'Enter') {&#10;        triggerEvent('articleImageClick', { id: 13113568, focus: 'single-image', focusIndex: '13113568' })&#10;        }\" role=\"button\" tabindex=\"0\" data-focus-from=\"single-image\" data-focus-index=\"13113568\" src=\"https:\/\/www.europesays.com\/lv\/wp-content\/uploads\/2026\/01\/13113568t1h0aa1.jpg\"  onload=\"this.parentElement.classList.remove('figure__image-loading')\" alt=\"J\u0101nis Jar\u0101ns\"\/>J\u0101nis Jar\u0101ns Foto: J\u0101nis \u0160kapars\/TVNET<\/p>\n<p class=\"MsoNormal\">Analiz\u0113jot aizvad\u012btos gadus, J\u0101nis nesl\u0113pj, ka intens\u012bvais darba ritms &#8211; past\u0101v\u012bgie m\u0113\u0123in\u0101jumi un film\u0113\u0161anas &#8211; licis laikam paskriet nemanot.<\/p>\n<p class=\"MsoNormal\">\u0160\u012bs aiz\u0146emt\u012bbas d\u0113\u013c vi\u0146\u0161 palaidis gar\u0101m b\u016btiskus b\u0113rnu pieaug\u0161anas mirk\u013cus, ko tagad secina ar sev rakstur\u012bgo, nedaudz filozofisko mieru: &#8220;Taj\u0101 laik\u0101 bija \u013coti daudz film\u0113\u0161anas, izr\u0101des un m\u0113\u0123in\u0101jumi. Skat, jau meitai pirm\u0101 klase&#8230; un tad jau skaties, k\u0101 vec\u0101kajai meitai aprit 50 gadi! J\u0113zus Marija, pa kuru laiku? Un skat, cik jau man pa\u0161am ir!&#8221;<\/p>\n<p><img decoding=\"async\" class=\"figure__image\" onclick=\"triggerEvent('articleImageClick', { id: 13159538, focus: 'single-image', focusIndex: '13159538' })\" onkeydown=\"if (event.key === 'Enter') {&#10;        triggerEvent('articleImageClick', { id: 13159538, focus: 'single-image', focusIndex: '13159538' })&#10;        }\" role=\"button\" tabindex=\"0\" data-focus-from=\"single-image\" data-focus-index=\"13159538\" src=\"https:\/\/www.europesays.com\/lv\/wp-content\/uploads\/2026\/01\/13159538t1h7935.jpg\"  onload=\"this.parentElement.classList.remove('figure__image-loading')\" alt=\"J\u0101nis Jar\u0101ns.\"\/>J\u0101nis Jar\u0101ns. Foto: M\u0101rti\u0146\u0161 Otto\/TVNET<\/p>\n","protected":false},"excerpt":{"rendered":"Jar\u0101ns atminas, ka liel\u0101 popularit\u0101te vi\u0146u sasniedza 90. gados p\u0113c dal\u012bbas kulta raid\u012bjum\u0101 &#8220;Imanta-Bab\u012bte&#8221;. Toreiz izveidotais humora duets&hellip;\n","protected":false},"author":2,"featured_media":106222,"comment_status":"","ping_status":"","sticky":false,"template":"","format":"standard","meta":{"footnotes":""},"categories":[19],"tags":[89,90,10098,35,39,38,36,37,34,40],"class_list":{"0":"post-106221","1":"post","2":"type-post","3":"status-publish","4":"format-standard","5":"has-post-thumbnail","7":"category-izklaide","8":"tag-entertainment","9":"tag-izklaide","10":"tag-janis-jarans","11":"tag-latvia","12":"tag-latvian","13":"tag-latviesu","14":"tag-latviesu-valoda","15":"tag-latviesuvaloda","16":"tag-latvija","17":"tag-lv"},"share_on_mastodon":{"url":"https:\/\/pubeurope.com\/@lv\/115903825406524305","error":""},"_links":{"self":[{"href":"https:\/\/www.europesays.com\/lv\/wp-json\/wp\/v2\/posts\/106221","targetHints":{"allow":["GET"]}}],"collection":[{"href":"https:\/\/www.europesays.com\/lv\/wp-json\/wp\/v2\/posts"}],"about":[{"href":"https:\/\/www.europesays.com\/lv\/wp-json\/wp\/v2\/types\/post"}],"author":[{"embeddable":true,"href":"https:\/\/www.europesays.com\/lv\/wp-json\/wp\/v2\/users\/2"}],"replies":[{"embeddable":true,"href":"https:\/\/www.europesays.com\/lv\/wp-json\/wp\/v2\/comments?post=106221"}],"version-history":[{"count":0,"href":"https:\/\/www.europesays.com\/lv\/wp-json\/wp\/v2\/posts\/106221\/revisions"}],"wp:featuredmedia":[{"embeddable":true,"href":"https:\/\/www.europesays.com\/lv\/wp-json\/wp\/v2\/media\/106222"}],"wp:attachment":[{"href":"https:\/\/www.europesays.com\/lv\/wp-json\/wp\/v2\/media?parent=106221"}],"wp:term":[{"taxonomy":"category","embeddable":true,"href":"https:\/\/www.europesays.com\/lv\/wp-json\/wp\/v2\/categories?post=106221"},{"taxonomy":"post_tag","embeddable":true,"href":"https:\/\/www.europesays.com\/lv\/wp-json\/wp\/v2\/tags?post=106221"}],"curies":[{"name":"wp","href":"https:\/\/api.w.org\/{rel}","templated":true}]}}