{"id":106226,"date":"2026-01-16T08:31:08","date_gmt":"2026-01-16T08:31:08","guid":{"rendered":"https:\/\/www.europesays.com\/lv\/106226\/"},"modified":"2026-01-16T08:31:08","modified_gmt":"2026-01-16T08:31:08","slug":"mets-deimons-uz-sarkana-paklaja-kopa-ar-savam-cetram-meitam-un-sievu-lente-lv","status":"publish","type":"post","link":"https:\/\/www.europesays.com\/lv\/106226\/","title":{"rendered":"Mets Deimons uz sarkan\u0101 pakl\u0101ja kop\u0101 ar sav\u0101m \u010detr\u0101m meit\u0101m un sievu\u00a0\u2014\u00a0Lente.lv"},"content":{"rendered":"<p>Lepnais t\u0113vs uz sarkan\u0101 pakl\u0101ja<\/p>\n<p>Amerik\u0101\u0146u aktieris Mets Deimons, kur\u0161 pla\u0161\u0101k paz\u012bstams ar lom\u0101m t\u0101d\u0101s film\u0101s k\u0101 &#8220;Gl\u0101bjot ierindnieku Raienu&#8221;, &#8220;Talant\u012bgais misters Riplijs&#8221; un visas tr\u012bs filmas par superagenta D\u017eeisonu Bornu, nesen kop\u0101 ar savu \u0123imeni piedal\u012bj\u0101s filmas &#8220;The Instigators&#8221; pirmizr\u0101d\u0113. K\u0101 inform\u0113 port\u0101ls jauns.lv, aktieris uz sarkan\u0101 pakl\u0101ja ierad\u0101s kop\u0101 ar sav\u0101m publiski reti redz\u0113taj\u0101m \u010detr\u0101m meit\u0101m un sievu Lusianu Baroso, nesp\u0113jot sl\u0113pt prieku un lepnumu par savu kuplo \u0123imeni. \u0160\u0101ds \u0123imenes kop\u0101 b\u016b\u0161anas br\u012bdis ir reta par\u0101d\u012bba, jo Deimons parasti cen\u0161as savas meitas pasarg\u0101t no publisk\u0101s uzman\u012bbas.<\/p>\n<p>\u0122imenes attiec\u012bbas un meitu vecumi<\/p>\n<p>Metam Deimonam un vi\u0146a sievai Lusianai ir \u010detras meitas: vec\u0101k\u0101 meita Aleksija (25), kura ir Lusianas meita no iepriek\u0161\u0113j\u0101s laul\u012bbas, un vi\u0146as attiec\u012bbas ar pat\u0113vu ir \u013coti cie\u0161as. Kop\u012bg\u0101s meitas ir Izabella (19), D\u017eia (17) un Stella (15). Deimons, kur\u0161 kop\u0161 2003. gada ir attiec\u012bb\u0101s ar Baroso, ir paz\u012bstams k\u0101 \u0123imenes cilv\u0113ks. Aktrise Lusiana Baroso un Mets Deimons apprec\u0113j\u0101s 2005. gad\u0101. Aktieris ir ieguvis Amerikas Kinoakad\u0113mijas un Zelta globusa balvas par scen\u0101riju filmai &#8220;Krietnais Vils Hantings&#8221;, ko rad\u012bja kop\u0101 ar savu ilggad\u0113jo draugu Benu Afleku, kur\u0161 ar\u012b piedal\u012bj\u0101s jaunaj\u0101 film\u0101.<\/p>\n<p>Filma &#8220;The Instigators&#8221; un sadarb\u012bba ar Benu Afleku<\/p>\n<p>Filma &#8220;The Instigators&#8221; ir jaun\u0101kais projekts, pie kura Deimons str\u0101d\u0101jis kop\u0101 ar savu ilggad\u0113jo draugu Benu Afleku. Abi aktieri paz\u012bstami ne tikai k\u0101 kol\u0113\u0123i, bet ar\u012b k\u0101 labi draugi kop\u0161 b\u0113rn\u012bbas, un vi\u0146u sadarb\u012bba kino jau sniedzas gadu desmitiem. \u0160\u012b kop\u012bg\u0101 projekta pirmizr\u0101de bija v\u0113rojama \u0145ujork\u0101, kur visa \u0123imene pulc\u0113j\u0101s, lai atbalst\u012btu Deimonu. Taj\u0101 pa\u0161\u0101 laik\u0101 filmas veido\u0161anas laik\u0101 notika ar\u012b jautri starpgad\u012bjumi, piem\u0113ram, Deimona meita D\u017eia, nov\u0113rojot t\u0113va pozu uz sarkan\u0101 pakl\u0101ja blakus Afleku, draudz\u012bgi pajokoja par vi\u0146a st\u012bvo st\u0101vokli, atdarinot vi\u0146u un piebilstot, ka vi\u0146am vajadz\u0113tu st\u0101v\u0113t cit\u0101d\u0101k. \u0160is moments tika fiks\u0113ts video un izplat\u012bts soci\u0101lajos t\u012bklos, pie\u0161\u0137irot pas\u0101kumam vieglu un cilv\u0113cisku humora devu.<\/p>\n<p>Deimona publisk\u0101 t\u0113la un \u0123imenes dz\u012bves l\u012bdzsvars<\/p>\n<p>Lai gan Mets Deimons ir viena no Holivudas atpaz\u012bstam\u0101kaj\u0101m zvaigzn\u0113m, vi\u0146\u0161 vienm\u0113r ir r\u016bp\u0113jies par savu \u0123imenes priv\u0101tumu. Vi\u0146a sieva Lusiana Baroso un meitas reti par\u0101d\u0101s publiskos pas\u0101kumos, t\u0101p\u0113c \u0161\u012b filmas pirmizr\u0101de bija \u012bpa\u0161s notikums. Deimona v\u0113lme pasarg\u0101t savas meitas no mediju uzman\u012bbas ir saprotama, un \u0161\u0101di retie kop\u012bgie par\u0101d\u012b\u0161an\u0101s momenti uz sarkan\u0101 pakl\u0101ja liecina par \u012bpa\u0161iem gad\u012bjumiem, kad \u0123imene kop\u0101 atbalsta aktiera karjeru. \u0160is notikums uzsver, ka, neskatoties uz slavu un karjeru Holivud\u0101, Deimonam \u0123imene joproj\u0101m ir pirmaj\u0101 viet\u0101.<\/p>\n","protected":false},"excerpt":{"rendered":"Lepnais t\u0113vs uz sarkan\u0101 pakl\u0101ja Amerik\u0101\u0146u aktieris Mets Deimons, kur\u0161 pla\u0161\u0101k paz\u012bstams ar lom\u0101m t\u0101d\u0101s film\u0101s k\u0101 &#8220;Gl\u0101bjot&hellip;\n","protected":false},"author":2,"featured_media":106227,"comment_status":"","ping_status":"","sticky":false,"template":"","format":"standard","meta":{"footnotes":""},"categories":[19],"tags":[89,6084,90,35,39,38,36,37,34,25400,40,21364,5767,25401],"class_list":{"0":"post-106226","1":"post","2":"type-post","3":"status-publish","4":"format-standard","5":"has-post-thumbnail","7":"category-izklaide","8":"tag-entertainment","9":"tag-filmu-pirmizrade","10":"tag-izklaide","11":"tag-latvia","12":"tag-latvian","13":"tag-latviesu","14":"tag-latviesu-valoda","15":"tag-latviesuvaloda","16":"tag-latvija","17":"tag-lusiana-baroso","18":"tag-lv","19":"tag-mets-deimons","20":"tag-sarkanais-paklajs","21":"tag-the-instigators"},"share_on_mastodon":{"url":"https:\/\/pubeurope.com\/@lv\/115903849045090713","error":""},"_links":{"self":[{"href":"https:\/\/www.europesays.com\/lv\/wp-json\/wp\/v2\/posts\/106226","targetHints":{"allow":["GET"]}}],"collection":[{"href":"https:\/\/www.europesays.com\/lv\/wp-json\/wp\/v2\/posts"}],"about":[{"href":"https:\/\/www.europesays.com\/lv\/wp-json\/wp\/v2\/types\/post"}],"author":[{"embeddable":true,"href":"https:\/\/www.europesays.com\/lv\/wp-json\/wp\/v2\/users\/2"}],"replies":[{"embeddable":true,"href":"https:\/\/www.europesays.com\/lv\/wp-json\/wp\/v2\/comments?post=106226"}],"version-history":[{"count":0,"href":"https:\/\/www.europesays.com\/lv\/wp-json\/wp\/v2\/posts\/106226\/revisions"}],"wp:featuredmedia":[{"embeddable":true,"href":"https:\/\/www.europesays.com\/lv\/wp-json\/wp\/v2\/media\/106227"}],"wp:attachment":[{"href":"https:\/\/www.europesays.com\/lv\/wp-json\/wp\/v2\/media?parent=106226"}],"wp:term":[{"taxonomy":"category","embeddable":true,"href":"https:\/\/www.europesays.com\/lv\/wp-json\/wp\/v2\/categories?post=106226"},{"taxonomy":"post_tag","embeddable":true,"href":"https:\/\/www.europesays.com\/lv\/wp-json\/wp\/v2\/tags?post=106226"}],"curies":[{"name":"wp","href":"https:\/\/api.w.org\/{rel}","templated":true}]}}