{"id":106231,"date":"2026-01-16T08:35:12","date_gmt":"2026-01-16T08:35:12","guid":{"rendered":"https:\/\/www.europesays.com\/lv\/106231\/"},"modified":"2026-01-16T08:35:12","modified_gmt":"2026-01-16T08:35:12","slug":"es-dzirdu-cik-biezi-viniem-ir-sekss-lasitaja-zino-par-kaiminiem-kas-atnem-mieru-un-privatuma-sajutu","status":"publish","type":"post","link":"https:\/\/www.europesays.com\/lv\/106231\/","title":{"rendered":"\u201cEs dzirdu, cik bie\u017ei vi\u0146iem ir sekss\u2026\u201d Las\u012bt\u0101ja zi\u0146o par kaimi\u0146iem, kas at\u0146em mieru un priv\u0101tuma saj\u016btu"},"content":{"rendered":"<p>    <img decoding=\"async\" src=\"https:\/\/www.europesays.com\/lv\/wp-content\/uploads\/2026\/01\/LET_13894172-1-800x534.jpg\" alt=\"&#10;Ilustrat\u012bvs foto. R\u012bga.&#10;\"\/><\/p>\n<p>Ilustrat\u012bvs foto. R\u012bga.<\/p>\n<p>Foto: Ieva \u010c\u012bka\/LETA\n<\/p>\n<p>20:04, 15. janv\u0101ris 2026<\/p>\n<p>Blakus dz\u012bvojo\u0161ie kaimi\u0146i, jo \u012bpa\u0161i, ja runa ir par daudzdz\u012bvok\u013cu m\u0101j\u0101m, nereti ikdienu padara kr\u0101\u0161\u0146\u0101ku un piedz\u012bvojumiem bag\u0101t\u0101ku. Kam\u0113r vieni grib visu dzird\u0113t, citiem rodas izmisums, dom\u0101jot, k\u0101 izol\u0113ties no ska\u0146\u0101m, kuras vi\u0146iem neb\u016btu j\u0101dzird.<\/p>\n<p>        Las\u012bt\u0101kie<br \/>\n        <a data-imagesrc=\"{&quot;300&quot;:&quot;https:\\\/\\\/lastatic.ams3.cdn.digitaloceanspaces.com\\\/2024\\\/04\\\/LET_24762978-1-300x199.jpg&quot;,&quot;768&quot;:&quot;https:\\\/\\\/lastatic.ams3.cdn.digitaloceanspaces.com\\\/2024\\\/04\\\/LET_24762978-1-768x510.jpg&quot;,&quot;200&quot;:&quot;https:\\\/\\\/lastatic.ams3.cdn.digitaloceanspaces.com\\\/2024\\\/04\\\/LET_24762978-1-200x133.jpg&quot;,&quot;400&quot;:&quot;https:\\\/\\\/lastatic.ams3.cdn.digitaloceanspaces.com\\\/2024\\\/04\\\/LET_24762978-1-400x266.jpg&quot;,&quot;500&quot;:&quot;https:\\\/\\\/lastatic.ams3.cdn.digitaloceanspaces.com\\\/2024\\\/04\\\/LET_24762978-1-500x332.jpg&quot;,&quot;800&quot;:&quot;https:\\\/\\\/lastatic.ams3.cdn.digitaloceanspaces.com\\\/2024\\\/04\\\/LET_24762978-1-800x531.jpg&quot;,&quot;1000&quot;:&quot;https:\\\/\\\/lastatic.ams3.cdn.digitaloceanspaces.com\\\/2024\\\/04\\\/LET_24762978-1.jpg&quot;}\" data-focuspoint=\"{&quot;x&quot;:&quot;47.38156399614123&quot;,&quot;y&quot;:&quot;33.25313680149975&quot;}\" data-p=\"2494626\" href=\"https:\/\/www.la.lv\/karmiska-vilkme-uz-lindam-pilseta-baumo-ka-hosams-abu-meri-ir-ar-jau-treso-lindu\" class=\"content-item lazy-load\" wp_automatic_readability=\"26.5\" rel=\"nofollow noopener\" target=\"_blank\"><\/p>\n<p>                                <img decoding=\"async\" src=\"\" alt=\"\" style=\"object-position: 47.38156399614123% 33.25313680149975%\" data-imageid=\"\"\/><\/p>\n<p>                                Kokteilis<\/p>\n<p>\n                                                \u201cKarmiska vilkme uz Lind\u0101m\u201d \u2013 pils\u0113t\u0101 baumo, ka Hosams Abu Meri ir ar jau tre\u0161o Lindu\n                            <\/p>\n<p><\/a><a data-imagesrc=\"{&quot;300&quot;:&quot;https:\\\/\\\/lastatic.ams3.cdn.digitaloceanspaces.com\\\/2026\\\/01\\\/605776010_25728478443453459_7214339360245089926_n-300x200.jpg&quot;,&quot;1024&quot;:&quot;https:\\\/\\\/lastatic.ams3.cdn.digitaloceanspaces.com\\\/2026\\\/01\\\/605776010_25728478443453459_7214339360245089926_n-1024x683.jpg&quot;,&quot;1536&quot;:&quot;https:\\\/\\\/lastatic.ams3.cdn.digitaloceanspaces.com\\\/2026\\\/01\\\/605776010_25728478443453459_7214339360245089926_n-1536x1024.jpg&quot;,&quot;500&quot;:&quot;https:\\\/\\\/lastatic.ams3.cdn.digitaloceanspaces.com\\\/2026\\\/01\\\/605776010_25728478443453459_7214339360245089926_n-500x333.jpg&quot;,&quot;800&quot;:&quot;https:\\\/\\\/lastatic.ams3.cdn.digitaloceanspaces.com\\\/2026\\\/01\\\/605776010_25728478443453459_7214339360245089926_n-800x534.jpg&quot;,&quot;1600&quot;:&quot;https:\\\/\\\/lastatic.ams3.cdn.digitaloceanspaces.com\\\/2026\\\/01\\\/605776010_25728478443453459_7214339360245089926_n.jpg&quot;}\" data-focuspoint=\"&quot;&quot;\" data-p=\"2494703\" href=\"https:\/\/www.la.lv\/foto-vaira-vike-freberga-aicina-neuzkerties-un-bridina-par-loti-cinisku-krapnieku-gajienu\" class=\"content-item lazy-load\" wp_automatic_readability=\"26\" rel=\"nofollow noopener\" target=\"_blank\"><\/p>\n<p>                                <img decoding=\"async\" src=\"\" alt=\"\" style=\"\" data-imageid=\"\"\/><\/p>\n<p>                                            FOTO. Vaira V\u012b\u0137e-Freiberga aicina neuz\u0137erties un br\u012bdina par \u013coti cinisku kr\u0101pnieku g\u0101jienu\n                            <\/p>\n<p><\/a><a data-imagesrc=\"{&quot;300&quot;:&quot;https:\\\/\\\/lastatic.ams3.cdn.digitaloceanspaces.com\\\/2023\\\/06\\\/afp_33d326p1-300x200.jpg&quot;,&quot;768&quot;:&quot;https:\\\/\\\/lastatic.ams3.cdn.digitaloceanspaces.com\\\/2023\\\/06\\\/afp_33d326p1-768x512.jpg&quot;,&quot;200&quot;:&quot;https:\\\/\\\/lastatic.ams3.cdn.digitaloceanspaces.com\\\/2023\\\/06\\\/afp_33d326p1-200x133.jpg&quot;,&quot;400&quot;:&quot;https:\\\/\\\/lastatic.ams3.cdn.digitaloceanspaces.com\\\/2023\\\/06\\\/afp_33d326p1-400x267.jpg&quot;,&quot;500&quot;:&quot;https:\\\/\\\/lastatic.ams3.cdn.digitaloceanspaces.com\\\/2023\\\/06\\\/afp_33d326p1-500x334.jpg&quot;,&quot;800&quot;:&quot;https:\\\/\\\/lastatic.ams3.cdn.digitaloceanspaces.com\\\/2023\\\/06\\\/afp_33d326p1-800x534.jpg&quot;,&quot;1000&quot;:&quot;https:\\\/\\\/lastatic.ams3.cdn.digitaloceanspaces.com\\\/2023\\\/06\\\/afp_33d326p1.jpg&quot;}\" data-focuspoint=\"&quot;&quot;\" data-p=\"2492306\" href=\"https:\/\/www.la.lv\/10-lietas-kas-skolas-laika-skita-pilnigi-patiesas-tacu-velak-izradijas-aplamas\" class=\"content-item lazy-load\" wp_automatic_readability=\"27\" rel=\"nofollow noopener\" target=\"_blank\"><\/p>\n<p>                                <img decoding=\"async\" src=\"\" alt=\"\" style=\"\" data-imageid=\"\"\/><\/p>\n<p>                                Kokteilis<\/p>\n<p>\n                                                10 lietas, kas skolas laik\u0101 \u0161\u0137ita piln\u012bgi patiesas, ta\u010du v\u0113l\u0101k izr\u0101d\u012bj\u0101s aplamas\n                            <\/p>\n<p><\/a><br \/>\n        <a class=\"read-more\" href=\"https:\/\/www.la.lv\/top\" rel=\"nofollow noopener\" target=\"_blank\">Las\u012bt citas zi\u0146as<\/a><\/p>\n<p>LA.LV redakcij\u0101 v\u0113rs\u0101s k\u0101da las\u012bt\u0101ja, kura vairs nesp\u0113j iztur\u0113t blakus dz\u012bvojo\u0161os kaimi\u0146us, jo sienas ir tik pl\u0101nas, ka katru dienu n\u0101kas dzird\u0113t ska\u0146as, kuras vi\u0146a nekad nav v\u0113l\u0113jusies dzird\u0113t. No ska\u013c\u0101m sadz\u012bvisk\u0101m sarun\u0101m un str\u012bdiem l\u012bdz int\u012bmiem mirk\u013ciem, kam b\u016btu j\u0101paliek aiz aizv\u0113rt\u0101m durv\u012bm. <\/p>\n<p>Sieviete atz\u012bst, ka priv\u0101tuma saj\u016bta vi\u0146as m\u0101jokl\u012b ir piln\u012bb\u0101 zudusi. Vakari, kas citk\u0101rt b\u016btu dom\u0101ti atp\u016btai, p\u0101rv\u0113rtu\u0161ies par nervus kutino\u0161u gaid\u012b\u0161anu, vai atkal n\u0101ksies klaus\u012bties sve\u0161as dz\u012bves deta\u013c\u0101s, no kur\u0101m nav iesp\u0113jams aizb\u0113gt pat sav\u0101 gu\u013camistab\u0101.<\/p>\n<p>    CITI \u0160OBR\u012aD LASA<\/p>\n<blockquote><p>\u201cDz\u012bvoju hru\u0161\u010dova laika m\u0101j\u0101 Jugl\u0101. Dz\u012bvoju pagaid\u0101m viena, bet vairs nesp\u0113ju iztur\u0113t to, kas notiek kaimi\u0146os. Es dzirdu visu \u2013 cik bie\u017ei vi\u0146iem ir sekss, k\u0101 neklausa b\u0113rns, par ko vi\u0146i str\u012bdas.<\/p><\/blockquote>\n<p>Dzirdu ar\u012b, kad nokr\u012bt un sapl\u012bst k\u0101ds trauks. Pa dienu, kam\u0113r esmu darb\u0101, man ir piln\u012bgi vienalga, ta\u010du vakaros nav iesp\u0113jams aizmigt, ja blakus \u010d\u012bkst gulta. Saprotu, ka cilv\u0113ki liel\u0101koties nav vain\u012bgi, ta\u010du dz\u012bvot blakus reiz\u0113m ir \u013coti gr\u016bti,\u201d atz\u012bst las\u012bt\u0101ja.<\/p>\n<p>Sieviete uzdod jaut\u0101jumu, k\u0101 \u0161\u0101d\u0101 situ\u0101cij\u0101 r\u012bkoties \u2013 vai ir v\u0113rts k\u0101dam \u201cs\u016bdz\u0113ties\u201d, vai tom\u0113r, ja citu variantu nav, pa\u0161as sp\u0113kiem j\u0101iekr\u0101j l\u012bdzek\u013ci un j\u0101veido ska\u0146as izol\u0101cija sien\u0101m.<\/p>\n<p>LA.LV sazin\u0101j\u0101s ar SIA \u201cR\u012bgas namu p\u0101rvaldnieks\u201d Sabiedrisko attiec\u012bbu un m\u0101rketinga noda\u013cas vad\u012bt\u0101ju Initu Kabanovu, lai skaidrotu, k\u0101 \u0161\u0101d\u0101s situ\u0101cij\u0101s iedz\u012bvot\u0101jiem r\u012bkoties.<\/p>\n<blockquote><p>Kabanova nor\u0101da, ka slikta ska\u0146as izol\u0101cija m\u0113dz b\u016bt gan hru\u0161\u010dova laika m\u0101j\u0101s, gan daudzos citos padomju laika projektos, jo tolaik nebija noteiktu b\u016bvakustikas standartu. Vi\u0146a skaidro, ka iedz\u012bvot\u0101jiem ar R\u012bgas domes Pils\u0113tas att\u012bst\u012bbas departamentu j\u0101saska\u0146o jebkuras p\u0101rb\u016bves.<\/p><\/blockquote>\n<p>Ar p\u0101rvaldnieku j\u0101saska\u0146o tie darbi, kas ietekm\u0113 kop\u012bpa\u0161umu, piem\u0113ram, ja dz\u012bvok\u013ca \u012bpa\u0161nieks v\u0113las main\u012bt radiatorus, kas ir da\u013ca no m\u0101jas kop\u0113j\u0101s apkures sist\u0113mas. Savuk\u0101rt kosm\u0113tiskais remonts ir pa\u0161a dz\u012bvok\u013ca \u012bpa\u0161nieka zi\u0146\u0101.<\/p>\n<p>P\u0101rst\u0101ve nor\u0101da, ka p\u0101rvaldniekam j\u0101iesaist\u0101s tikai tad, ja trok\u0161\u0146us rada k\u0101das kop\u012bpa\u0161uma iek\u0101rtas \u2013 siltummezgls, aukst\u0101 \u016bdens s\u016bknis vai lifta iek\u0101rta. \u0160\u0101dos gad\u012bjumos iedz\u012bvot\u0101jiem j\u0101zi\u0146o p\u0101rvaldniekam, lai meistari var nov\u0113rst probl\u0113mu. Ikdienas sadz\u012bves trok\u0161\u0146us, kas trauc\u0113 iedz\u012bvot\u0101jiem, gan ieteicams risin\u0101t cit\u0101 veid\u0101 \u2013 v\u0113r\u0161oties policij\u0101.<\/p>\n<blockquote><p>Ties\u012bbu aktos nav noteiktas \u012bpa\u0161as \u201cklus\u0101s stundas\u201d \u2013 ar troksni trauc\u0113t kaimi\u0146u mieru nedr\u012bkst nevien\u0101 diennakts laik\u0101, atg\u0101dina Kabanova.<\/p><\/blockquote>\n<p>Savuk\u0101rt, run\u0101jot par l\u012bdz\u012bga rakstura s\u016bdz\u012bb\u0101m, Kabanova atz\u012bst, ka t\u0101das m\u0113dz b\u016bt: \u201cIedz\u012bvot\u0101ji zi\u0146o par kaimi\u0146u trok\u0161\u0146o\u0161anu, ta\u010du tas nenotiek bie\u017ei. \u0160\u0101dos gad\u012bjumos aicin\u0101m v\u0113rsties policij\u0101, savuk\u0101rt trok\u0161\u0146a l\u012bme\u0146a p\u0101rbaudi var veikt Vesel\u012bbas inspekcija.\u201d<\/p>\n<p>    Zi\u0146o!<\/p>\n<p>\n        Ja ar\u012b Tu v\u0113lies padal\u012bties ar savu st\u0101stu\n    <\/p>\n<p>    <a class=\"zino-calltoaction__button\" href=\"https:\/\/zino.la.lv\" rel=\"nofollow noopener\" target=\"_blank\">Zi\u0146o!<\/a><\/p>\n<p>    LA.LV Aptauja<br \/>\n    Vai j\u016bs sav\u0101 m\u0101jokl\u012b dzirdat kaimi\u0146u ikdienas trok\u0161\u0146us?<\/p>\n<ul class=\"poll-options\" wp_automatic_readability=\"3\">\n<li class=\"poll-option\" data-id=\"cfcd208495d565ef66e7dff9f98764da\" wp_automatic_readability=\"0\">\n<p>J\u0101, dzirdu gandr\u012bz visu<\/p>\n<\/li>\n<li class=\"poll-option\" data-id=\"c4ca4238a0b923820dcc509a6f75849b\" wp_automatic_readability=\"0\">\n<p>Dzirdu, bet tas \u012bpa\u0161i netrauc\u0113<\/p>\n<\/li>\n<li class=\"poll-option\" data-id=\"c81e728d9d4c2f636f067f89cc14862c\" wp_automatic_readability=\"0\">\n<p>Reiz\u0113m, atkar\u012bb\u0101 no situ\u0101cijas<\/p>\n<\/li>\n<li class=\"poll-option\" data-id=\"eccbc87e4b5ce2fe28308fd9f2a7baf3\" wp_automatic_readability=\"0\">\n<p>N\u0113, ska\u0146as izol\u0101cija ir pietiekama<\/p>\n<\/li>\n<\/ul>\n<p>                                \u0160is raksts ir port\u0101la LA.LV \u012bpa\u0161ums. Jebk\u0101da veida satura p\u0101rpublic\u0113\u0161ana, kop\u0113\u0161ana, izplat\u012b\u0161ana vai cit\u0101da veida izmanto\u0161ana bez iepriek\u0161\u0113jas rakstiskas at\u013caujas no LA.LV redakcijas ir aizliegta. Lai sa\u0146emtu at\u013cauju p\u0101rpublic\u0113t \u0161o rakstu, l\u016bdzu, sazinieties ar  redakciju, rakstot uz <a href=\"https:\/\/www.la.lv\/cdn-cgi\/l\/email-protection\" class=\"__cf_email__\" data-cfemail=\"aeddd8cfdcc7c9c7eec2cf80c2d8\" rel=\"nofollow noopener\" target=\"_blank\">[email\u00a0protected]<\/a><\/p>\n<p>T\u0113mas<\/p>\n<p>    SAIST\u012aTIE RAKSTI<\/p>\n","protected":false},"excerpt":{"rendered":"Ilustrat\u012bvs foto. R\u012bga. Foto: Ieva \u010c\u012bka\/LETA 20:04, 15. janv\u0101ris 2026 Blakus dz\u012bvojo\u0161ie kaimi\u0146i, jo \u012bpa\u0161i, ja runa ir&hellip;\n","protected":false},"author":2,"featured_media":106232,"comment_status":"","ping_status":"","sticky":false,"template":"","format":"standard","meta":{"footnotes":""},"categories":[12],"tags":[23,28,29,32,33,22,30,31,35,39,38,36,37,34,40,20,26,27,24,25,21],"class_list":{"0":"post-106231","1":"post","2":"type-post","3":"status-publish","4":"format-standard","5":"has-post-thumbnail","7":"category-latvija","8":"tag-aktualitates","9":"tag-breaking-news","10":"tag-breakingnews","11":"tag-featured-news","12":"tag-featurednews","13":"tag-headlines","14":"tag-latest-news","15":"tag-latestnews","16":"tag-latvia","17":"tag-latvian","18":"tag-latviesu","19":"tag-latviesu-valoda","20":"tag-latviesuvaloda","21":"tag-latvija","22":"tag-lv","23":"tag-news","24":"tag-popularakas-zinas","25":"tag-popularakaszinas","26":"tag-top-stories","27":"tag-topstories","28":"tag-zinas"},"share_on_mastodon":{"url":"https:\/\/pubeurope.com\/@lv\/115903864723486215","error":""},"_links":{"self":[{"href":"https:\/\/www.europesays.com\/lv\/wp-json\/wp\/v2\/posts\/106231","targetHints":{"allow":["GET"]}}],"collection":[{"href":"https:\/\/www.europesays.com\/lv\/wp-json\/wp\/v2\/posts"}],"about":[{"href":"https:\/\/www.europesays.com\/lv\/wp-json\/wp\/v2\/types\/post"}],"author":[{"embeddable":true,"href":"https:\/\/www.europesays.com\/lv\/wp-json\/wp\/v2\/users\/2"}],"replies":[{"embeddable":true,"href":"https:\/\/www.europesays.com\/lv\/wp-json\/wp\/v2\/comments?post=106231"}],"version-history":[{"count":0,"href":"https:\/\/www.europesays.com\/lv\/wp-json\/wp\/v2\/posts\/106231\/revisions"}],"wp:featuredmedia":[{"embeddable":true,"href":"https:\/\/www.europesays.com\/lv\/wp-json\/wp\/v2\/media\/106232"}],"wp:attachment":[{"href":"https:\/\/www.europesays.com\/lv\/wp-json\/wp\/v2\/media?parent=106231"}],"wp:term":[{"taxonomy":"category","embeddable":true,"href":"https:\/\/www.europesays.com\/lv\/wp-json\/wp\/v2\/categories?post=106231"},{"taxonomy":"post_tag","embeddable":true,"href":"https:\/\/www.europesays.com\/lv\/wp-json\/wp\/v2\/tags?post=106231"}],"curies":[{"name":"wp","href":"https:\/\/api.w.org\/{rel}","templated":true}]}}