{"id":106233,"date":"2026-01-16T08:37:09","date_gmt":"2026-01-16T08:37:09","guid":{"rendered":"https:\/\/www.europesays.com\/lv\/106233\/"},"modified":"2026-01-16T08:37:09","modified_gmt":"2026-01-16T08:37:09","slug":"andris-erglis-izstasta-ko-patiesiba-doma-par-savu-hitu-ripoja-akmens-santa","status":"publish","type":"post","link":"https:\/\/www.europesays.com\/lv\/106233\/","title":{"rendered":"Andris \u0112rglis izst\u0101sta, ko paties\u012bb\u0101 dom\u0101 par savu hitu Ripoja akmens \u2014 Santa"},"content":{"rendered":"<p>\u017durn\u0101lam Priv\u0101t\u0101 Dz\u012bve gavi\u013cnieks atkl\u0101jis, ka vi\u0146a pa\u0161a attiec\u012bbas ar slaveno ska\u0146darbu nav nemaz tik vienk\u0101r\u0161as. M\u0101ksliniekam ne p\u0101r\u0101k pat\u012bk, ja vi\u0146\u0161 asoci\u0113jas tikai ar Ripoja akmens. \u00abDiem\u017e\u0113l\u2026,\u00bb par \u0161o seno saikni ar hitu saka \u0112rglis.<\/p>\n<p>\u00abMan biju\u0161i koncerti, kuros apzin\u0101ti \u0161o dziesmu neiek\u013cauju. Beig\u0101s, kad k\u0101pju uz skatuves atvad\u012bties, dzirdu skat\u012bt\u0101ju kori skandin\u0101m: \u00abAkmeni, akmeni!\u00bb Koncerts, kur\u0101 man\u00a0to nepras\u012btu\u00a0nodzied\u0101t, v\u0113l nav bijis,\u00bb\u00a0va\u013csird\u012bgs ir Andris.\u00a0<\/p>\n<p>\u00abGadu gait\u0101 esmu samierin\u0101jies, ka varu rakst\u012bt t\u0101du vai \u0161\u0101du dziesmu, bet liel\u0101k\u0101 da\u013ca klaus\u012bt\u0101ju tik un t\u0101\u00a0mani asoci\u0113s tikai ar Akmeni,\u00bb\u00a0pasmejas Andris, kura rado\u0161o darbu v\u0101cel\u012bt\u0113 ir v\u0113l vair\u0101ki desmiti skaisti izpild\u012btu kompoz\u012bciju.<\/p>\n<p>        <img decoding=\"async\" class=\"no-convert\" alt=\"\" data-init=\"lazy-image\" src=\"https:\/\/www.europesays.com\/lv\/wp-content\/uploads\/2026\/01\/2607e55a8cf9.jpg\"\/><a target=\"_self\" href=\"https:\/\/www.santa.lv\/raksts\/personibas\/muzikis-erglis-izgajis-cauri-ellei-piespiedu-sevi-smaidit-kad-jutos-pilnigi-saluzis-77618\/\" aria-label=\"M\u016bzi\u0137is \u0112rglis izg\u0101jis cauri ellei: Piespiedu sevi smaid\u012bt, kad jutos piln\u012bgi sal\u016bzis\" rel=\"nofollow noopener\"><img decoding=\"async\" class=\"no-convert\" alt=\"\" data-init=\"lazy-image\" src=\"https:\/\/www.europesays.com\/lv\/wp-content\/uploads\/2026\/01\/d42caa7a5355.jpg\"\/><a target=\"_self\" href=\"https:\/\/www.santa.lv\/raksts\/personibas\/foto-andris-erglis-divaina-izskata-paradas-stafeckas-koncerta.-ta-nebija-planots-73263\/\" aria-label=\"FOTO: Andris \u0112rglis d\u012bvain\u0101 izskat\u0101 par\u0101d\u0101s Stafeckas koncert\u0101. T\u0101 nebija pl\u0101nots\u2026\" rel=\"nofollow noopener\">    <\/p>\n","protected":false},"excerpt":{"rendered":"\u017durn\u0101lam Priv\u0101t\u0101 Dz\u012bve gavi\u013cnieks atkl\u0101jis, ka vi\u0146a pa\u0161a attiec\u012bbas ar slaveno ska\u0146darbu nav nemaz tik vienk\u0101r\u0161as. M\u0101ksliniekam ne&hellip;\n","protected":false},"author":2,"featured_media":106234,"comment_status":"","ping_status":"","sticky":false,"template":"","format":"standard","meta":{"footnotes":""},"categories":[19],"tags":[89,90,35,39,38,36,37,34,40],"class_list":{"0":"post-106233","1":"post","2":"type-post","3":"status-publish","4":"format-standard","5":"has-post-thumbnail","7":"category-izklaide","8":"tag-entertainment","9":"tag-izklaide","10":"tag-latvia","11":"tag-latvian","12":"tag-latviesu","13":"tag-latviesu-valoda","14":"tag-latviesuvaloda","15":"tag-latvija","16":"tag-lv"},"share_on_mastodon":{"url":"https:\/\/pubeurope.com\/@lv\/115903872576789981","error":""},"_links":{"self":[{"href":"https:\/\/www.europesays.com\/lv\/wp-json\/wp\/v2\/posts\/106233","targetHints":{"allow":["GET"]}}],"collection":[{"href":"https:\/\/www.europesays.com\/lv\/wp-json\/wp\/v2\/posts"}],"about":[{"href":"https:\/\/www.europesays.com\/lv\/wp-json\/wp\/v2\/types\/post"}],"author":[{"embeddable":true,"href":"https:\/\/www.europesays.com\/lv\/wp-json\/wp\/v2\/users\/2"}],"replies":[{"embeddable":true,"href":"https:\/\/www.europesays.com\/lv\/wp-json\/wp\/v2\/comments?post=106233"}],"version-history":[{"count":0,"href":"https:\/\/www.europesays.com\/lv\/wp-json\/wp\/v2\/posts\/106233\/revisions"}],"wp:featuredmedia":[{"embeddable":true,"href":"https:\/\/www.europesays.com\/lv\/wp-json\/wp\/v2\/media\/106234"}],"wp:attachment":[{"href":"https:\/\/www.europesays.com\/lv\/wp-json\/wp\/v2\/media?parent=106233"}],"wp:term":[{"taxonomy":"category","embeddable":true,"href":"https:\/\/www.europesays.com\/lv\/wp-json\/wp\/v2\/categories?post=106233"},{"taxonomy":"post_tag","embeddable":true,"href":"https:\/\/www.europesays.com\/lv\/wp-json\/wp\/v2\/tags?post=106233"}],"curies":[{"name":"wp","href":"https:\/\/api.w.org\/{rel}","templated":true}]}}