{"id":106237,"date":"2026-01-16T08:40:06","date_gmt":"2026-01-16T08:40:06","guid":{"rendered":"https:\/\/www.europesays.com\/lv\/106237\/"},"modified":"2026-01-16T08:40:06","modified_gmt":"2026-01-16T08:40:06","slug":"tramps-pazino-par-gazas-joslas-miera-padomes-izveidosanu-16-01-2026-replay-lv","status":"publish","type":"post","link":"https:\/\/www.europesays.com\/lv\/106237\/","title":{"rendered":"Tramps pazi\u0146o par Gazas joslas &quot;miera padomes&quot; izveido\u0161anu \/ 16.01.2026 &#8211; REplay.lv"},"content":{"rendered":"<ol>\n<li><a href=\"https:\/\/news.google.com\/rss\/articles\/CBMirgFBVV95cUxOVk94MEItUGwtc2dCWVpNS2FfcEtadk1ueENfUkZPcGZPU3JHVWxpRE9XaXlfaFlsMFVFY3FWbFdhbmhqZWZLY3Vmcy16bks0emZvNTlVcVZfWGJxR0tfOU9JZno2Q3pZT2hLRWlSOXE3YTZYVi00S1RQWU1YQjVRdWlXMzlpRVZGc2k2OFRrQ3BNU1ByQVBaZTZob29ETjExYjJranlZSmJGTVVCV0E?oc=5\" target=\"_blank\" rel=\"nofollow noopener\">Tramps pazi\u0146o par Gazas joslas &#8220;miera padomes&#8221; izveido\u0161anu \/ 16.01.2026<\/a>&nbsp;&nbsp;REplay.lv<\/li>\n<li><a href=\"https:\/\/news.google.com\/rss\/articles\/CBMijgFBVV95cUxPUmtVcmFVSWxMVWJ3TUJROHpYSngwX0psdXNScmFsSVFRUEVvVkdIaUc3RTMzanVmaDV3SmdTR01RZGFETVlEb3NONldNX2l6STc2LUFlTWpDOW05TUJxX2VobVVjN2hKU0d4eThmWWxFT0NNTkM1eTEtTW5wVjNrOXJ6VmpuWF9xTDlaUkNR?oc=5\" target=\"_blank\" rel=\"nofollow noopener\">Tramps pazi\u0146o par Gazas joslas &#8220;miera padomes&#8221; izveido\u0161anu<\/a>&nbsp;&nbsp;TVNET<\/li>\n<li><a href=\"https:\/\/news.google.com\/rss\/articles\/CBMitAFBVV95cUxNejNXc3Q2UTVscTZmNVJKeWRlaHl6RldwSkxPQi1BMF95ZjRIZ2owejB0OExVRlVWLVhhaGZXQ2FXdTRnYXhOMXpQMEpSMVdMV0lvOFRTV3hZRU5FSXl2NU1ubEE5czBqcmZKQmFfdFI0QXZuX2lhdzJXXzNlRVFpNlpWLXVCMDFBSnhhd1VqWXM5WjRocGhEZnc2NGdWY180YjJNZU9CcUV5dnRRNXExRl9VMXE?oc=5\" target=\"_blank\" rel=\"nofollow noopener\">ASV pazi\u0146o par otr\u0101s f\u0101zes s\u0101k\u0161anu Gazas miera pl\u0101na realiz\u0101cij\u0101<\/a>&nbsp;&nbsp;Diena<\/li>\n<li><a href=\"https:\/\/news.google.com\/rss\/articles\/CBMiuAFBVV95cUxNbGw1T0FodVRzUGFPNWdmaWEtc21wQ0k3V2l5SmRRMmlRNDJndm9vMC1oS2xVd1ZDRmVsaFFxc3dCQUx6YWI4NURmNFFkdklzNkR2RDBWUHNIQU1LSVVKdTk5MlRJWVBqcERtUXk0Z25nMTN6bnRzM05wUmxrbUd5QzJrb0phQ3RxVm5JaTVlZ0U3aU1rN1RLRFpuenhYQTN3RkVRR2huVXBobGltQ1h4b2xUbEgxcTBU?oc=5\" target=\"_blank\" rel=\"nofollow noopener\">Netanjahu: Pamieru Gazas josl\u0101 uzraudz\u012bs bulg\u0101ru diplom\u0101ts \/ Raksts<\/a>&nbsp;&nbsp;LSM<\/li>\n<li><a href=\"https:\/\/news.google.com\/rss\/articles\/CBMisAFBVV95cUxONUVyWHdKT256eTI1Wks2cXdvSDBHM2xMMC0zbzA2S3RHZFVhTDNlODVXN0tVdlpxU3FPLW1uQlUwSWhFT2NSM2ZHUkQ0b3plcGtneWl6NUc1aXFIWGNIU3BaOW4zQlJROUpJUWx2ejBKOF9ZVElPbE43aXJ6VFhacTM2UnBmaS00cndmRHdyS0FEcUstMlMybHA1RWNlTzNoeXJ2b1BIUzdORC13MXZfXw?oc=5\" target=\"_blank\" rel=\"nofollow noopener\">Tramps pazi\u0146o par Gazas joslas \u201cmiera padomes\u201d izveido\u0161anu<\/a>&nbsp;&nbsp;liepajniekiem.lv<\/li>\n<\/ol>\n","protected":false},"excerpt":{"rendered":"Tramps pazi\u0146o par Gazas joslas &#8220;miera padomes&#8221; izveido\u0161anu \/ 16.01.2026&nbsp;&nbsp;REplay.lv Tramps pazi\u0146o par Gazas joslas &#8220;miera padomes&#8221; izveido\u0161anu&nbsp;&nbsp;TVNET&hellip;\n","protected":false},"author":2,"featured_media":106238,"comment_status":"","ping_status":"","sticky":false,"template":"","format":"standard","meta":{"footnotes":""},"categories":[14],"tags":[23,57,28,29,32,33,22,30,31,35,39,38,36,37,34,40,20,26,27,24,25,54,55,56,21,58],"class_list":{"0":"post-106237","1":"post","2":"type-post","3":"status-publish","4":"format-standard","5":"has-post-thumbnail","7":"category-zinas-no-arvalstim","8":"tag-aktualitates","9":"tag-arvalstim","10":"tag-breaking-news","11":"tag-breakingnews","12":"tag-featured-news","13":"tag-featurednews","14":"tag-headlines","15":"tag-latest-news","16":"tag-latestnews","17":"tag-latvia","18":"tag-latvian","19":"tag-latviesu","20":"tag-latviesu-valoda","21":"tag-latviesuvaloda","22":"tag-latvija","23":"tag-lv","24":"tag-news","25":"tag-popularakas-zinas","26":"tag-popularakaszinas","27":"tag-top-stories","28":"tag-topstories","29":"tag-world","30":"tag-world-news","31":"tag-worldnews","32":"tag-zinas","33":"tag-zinas-no-arvalstim"},"share_on_mastodon":{"url":"https:\/\/pubeurope.com\/@lv\/115903884360431546","error":""},"_links":{"self":[{"href":"https:\/\/www.europesays.com\/lv\/wp-json\/wp\/v2\/posts\/106237","targetHints":{"allow":["GET"]}}],"collection":[{"href":"https:\/\/www.europesays.com\/lv\/wp-json\/wp\/v2\/posts"}],"about":[{"href":"https:\/\/www.europesays.com\/lv\/wp-json\/wp\/v2\/types\/post"}],"author":[{"embeddable":true,"href":"https:\/\/www.europesays.com\/lv\/wp-json\/wp\/v2\/users\/2"}],"replies":[{"embeddable":true,"href":"https:\/\/www.europesays.com\/lv\/wp-json\/wp\/v2\/comments?post=106237"}],"version-history":[{"count":0,"href":"https:\/\/www.europesays.com\/lv\/wp-json\/wp\/v2\/posts\/106237\/revisions"}],"wp:featuredmedia":[{"embeddable":true,"href":"https:\/\/www.europesays.com\/lv\/wp-json\/wp\/v2\/media\/106238"}],"wp:attachment":[{"href":"https:\/\/www.europesays.com\/lv\/wp-json\/wp\/v2\/media?parent=106237"}],"wp:term":[{"taxonomy":"category","embeddable":true,"href":"https:\/\/www.europesays.com\/lv\/wp-json\/wp\/v2\/categories?post=106237"},{"taxonomy":"post_tag","embeddable":true,"href":"https:\/\/www.europesays.com\/lv\/wp-json\/wp\/v2\/tags?post=106237"}],"curies":[{"name":"wp","href":"https:\/\/api.w.org\/{rel}","templated":true}]}}