{"id":106239,"date":"2026-01-16T08:41:07","date_gmt":"2026-01-16T08:41:07","guid":{"rendered":"https:\/\/www.europesays.com\/lv\/106239\/"},"modified":"2026-01-16T08:41:07","modified_gmt":"2026-01-16T08:41:07","slug":"ceturtdien-uz-autoceliem-cietusi-sesi-cilveki-bet-septini-soferi-piekerti-reibuma","status":"publish","type":"post","link":"https:\/\/www.europesays.com\/lv\/106239\/","title":{"rendered":"Ceturtdien uz autoce\u013ciem cietu\u0161i se\u0161i cilv\u0113ki, bet septi\u0146i \u0161oferi pie\u0137erti reibum\u0101"},"content":{"rendered":"<p>Diennakts laik\u0101 valst\u012b re\u0123istr\u0113ts 131 ce\u013cu satiksmes negad\u012bjums, no tiem 80 R\u012bgas re\u0123ion\u0101, 16 Kurzem\u0113, pa 12 Vidzem\u0113 un Zemgal\u0113, bet 11 av\u0101rijas fiks\u0113tas Latgal\u0113.<\/p>\n<p>R\u012bgas re\u0123ion\u0101 trijos ce\u013cu satiksmes negad\u012bjumos cietu\u0161i pieci cilv\u0113ki, bet Kurzem\u0113 re\u0123istr\u0113ta viena av\u0101rija ar cietu\u0161u cilv\u0113ku.<\/p>\n<p>Savuk\u0101rt par transportl\u012bdzek\u013ca vad\u012b\u0161anu alkohola reibum\u0101 vai narkotisko vielu ietekm\u0113 visos septi\u0146os gad\u012bjumos s\u0101kti krimin\u0101lprocesi, kas noz\u012bm\u0113, ka \u0161oferi bija stipri piedz\u0113ru\u0161ies vai ar\u012b, b\u016bdami reibum\u0101, s\u0113d\u0101s pie st\u016bres bez ties\u012bb\u0101m vai izrais\u012bja av\u0101riju.<\/p>\n<p>Divi \u0161oferi alkohola reibum\u0101 pie\u0137erti Vidzemes re\u0123ion\u0101, bet pa vienam &#8211; Kurzem\u0113, Latgal\u0113, Zemgal\u0113 un R\u012bgas re\u0123ion\u0101, kur\u0101 aptur\u0113ts ar\u012b narkotikas lietoju\u0161ais vad\u012bt\u0101js.<\/p>\n<p>Kopum\u0101 ce\u013cu satiksmes jom\u0101 24 stundu laik\u0101 policija fiks\u0113jusi 295 administrat\u012bvos p\u0101rk\u0101pumus, tostarp 128 par at\u013caut\u0101 \u0101truma p\u0101rsnieg\u0161anu un devi\u0146us par agres\u012bvu brauk\u0161anu, liecina policijas apkopotie dati.<\/p>\n","protected":false},"excerpt":{"rendered":"Diennakts laik\u0101 valst\u012b re\u0123istr\u0113ts 131 ce\u013cu satiksmes negad\u012bjums, no tiem 80 R\u012bgas re\u0123ion\u0101, 16 Kurzem\u0113, pa 12 Vidzem\u0113&hellip;\n","protected":false},"author":2,"featured_media":106240,"comment_status":"","ping_status":"","sticky":false,"template":"","format":"standard","meta":{"footnotes":""},"categories":[12],"tags":[23,1465,28,29,32,33,22,30,31,35,39,38,36,37,34,40,20,26,27,24,25,138,21],"class_list":{"0":"post-106239","1":"post","2":"type-post","3":"status-publish","4":"format-standard","5":"has-post-thumbnail","7":"category-latvija","8":"tag-aktualitates","9":"tag-autoavarijas","10":"tag-breaking-news","11":"tag-breakingnews","12":"tag-featured-news","13":"tag-featurednews","14":"tag-headlines","15":"tag-latest-news","16":"tag-latestnews","17":"tag-latvia","18":"tag-latvian","19":"tag-latviesu","20":"tag-latviesu-valoda","21":"tag-latviesuvaloda","22":"tag-latvija","23":"tag-lv","24":"tag-news","25":"tag-popularakas-zinas","26":"tag-popularakaszinas","27":"tag-top-stories","28":"tag-topstories","29":"tag-valsts-policija","30":"tag-zinas"},"share_on_mastodon":{"url":"https:\/\/pubeurope.com\/@lv\/115903888277837725","error":""},"_links":{"self":[{"href":"https:\/\/www.europesays.com\/lv\/wp-json\/wp\/v2\/posts\/106239","targetHints":{"allow":["GET"]}}],"collection":[{"href":"https:\/\/www.europesays.com\/lv\/wp-json\/wp\/v2\/posts"}],"about":[{"href":"https:\/\/www.europesays.com\/lv\/wp-json\/wp\/v2\/types\/post"}],"author":[{"embeddable":true,"href":"https:\/\/www.europesays.com\/lv\/wp-json\/wp\/v2\/users\/2"}],"replies":[{"embeddable":true,"href":"https:\/\/www.europesays.com\/lv\/wp-json\/wp\/v2\/comments?post=106239"}],"version-history":[{"count":0,"href":"https:\/\/www.europesays.com\/lv\/wp-json\/wp\/v2\/posts\/106239\/revisions"}],"wp:featuredmedia":[{"embeddable":true,"href":"https:\/\/www.europesays.com\/lv\/wp-json\/wp\/v2\/media\/106240"}],"wp:attachment":[{"href":"https:\/\/www.europesays.com\/lv\/wp-json\/wp\/v2\/media?parent=106239"}],"wp:term":[{"taxonomy":"category","embeddable":true,"href":"https:\/\/www.europesays.com\/lv\/wp-json\/wp\/v2\/categories?post=106239"},{"taxonomy":"post_tag","embeddable":true,"href":"https:\/\/www.europesays.com\/lv\/wp-json\/wp\/v2\/tags?post=106239"}],"curies":[{"name":"wp","href":"https:\/\/api.w.org\/{rel}","templated":true}]}}