{"id":10626,"date":"2025-10-02T13:19:08","date_gmt":"2025-10-02T13:19:08","guid":{"rendered":"https:\/\/www.europesays.com\/lv\/10626\/"},"modified":"2025-10-02T13:19:08","modified_gmt":"2025-10-02T13:19:08","slug":"eiropas-lideriem-neizdodas-panakt-vienosanos-par-krievijas-aktivu-nodosanu-ukrainai","status":"publish","type":"post","link":"https:\/\/www.europesays.com\/lv\/10626\/","title":{"rendered":"Eiropas l\u012bderiem neizdodas pan\u0101kt vieno\u0161anos par Krievijas akt\u012bvu nodo\u0161anu Ukrainai"},"content":{"rendered":"<p>Be\u013c\u0123ija piepras\u012bja, lai riski tiktu sadal\u012bti starp vis\u0101m ES dal\u012bbvalst\u012bm un lai tiktu nodro\u0161in\u0101ta tiesisk\u0101 aizsardz\u012bba Maskavas pras\u012bbu gad\u012bjum\u0101. Ar\u012b Francija un Luksemburga pauda ba\u017eas par juridiskaj\u0101m sek\u0101m.<\/p>\n<p>P\u0101r\u0113jie l\u012bderi kopum\u0101 piekrita l\u012bdzek\u013cu izmanto\u0161anas principam, bet uzdeva Eiropas Komisijai (EK) izstr\u0101d\u0101t pl\u0101na juridisk\u0101s un finansi\u0101l\u0101s deta\u013cas. Saska\u0146\u0101 ar &#8220;Financial Times&#8221; zi\u0146oto liel\u0101 darba apjoma d\u0113\u013c maz ticams, ka priek\u0161likums b\u016bs gatavs l\u012bdz n\u0101kamajam samitam, kas p\u0113c trim ned\u0113\u013c\u0101m pl\u0101nots Brisel\u0113.<\/p>\n<p>Vienlaikus jaut\u0101jums par Krievijas akt\u012bvu izmanto\u0161anu tika apspriests G7 finan\u0161u ministru tie\u0161saistes san\u0101ksm\u0113. Grup\u0101 eso\u0161o ES valstu p\u0101rst\u0101vji cent\u0101s p\u0101rliecin\u0101t savus partnerus pievienoties ES iniciat\u012bvai. Izdevums &#8220;Politico&#8221; nor\u0101da, ka Eiropas Centr\u0101l\u0101 banka baid\u0101s no uztic\u012bbas krituma eiro, ta\u010du ASV un Jap\u0101nas atbalsts m\u012bkstin\u0101tu sekas.<\/p>\n<p>V\u0101cijas kanclers Fr\u012bdrihs Mercs iepriek\u0161 pauda atbalstu idejai par 140 miljardu eiro p\u0101rskait\u012b\u0161anu Ukrainai, izmantojot bezkupona oblig\u0101ciju un repar\u0101cijas aizdevuma meh\u0101nismu.<\/p>\n<p>Tikm\u0113r Krievijas diktators <a href=\"https:\/\/www.tvnet.lv\/term\/555635\/vladimirs-putins\" class=\"topicLink\" target=\"_blank\" rel=\"nofollow noopener\">Vladimirs Putins<\/a> 30.septembr\u012b parakst\u012bja dekr\u0113tu par jaunu feder\u0101lo akt\u012bvu p\u0101rdo\u0161anas k\u0101rt\u012bbu. Saska\u0146\u0101 ar a\u0123ent\u016bras &#8220;Bloomberg&#8221; zi\u0146oto <a href=\"https:\/\/www.tvnet.lv\/term\/555452\/krievija\" class=\"topicLink\" target=\"_blank\" rel=\"nofollow noopener\">Krievija<\/a> ir gatava nacionaliz\u0113t un \u0101tri p\u0101rdot \u0101rvalstu akt\u012bvus, rea\u0123\u0113jot uz iesp\u0113jamu t\u0101s l\u012bdzek\u013cu konfisk\u0101ciju \u0101rvalst\u012bs.<\/p>\n","protected":false},"excerpt":{"rendered":"Be\u013c\u0123ija piepras\u012bja, lai riski tiktu sadal\u012bti starp vis\u0101m ES dal\u012bbvalst\u012bm un lai tiktu nodro\u0161in\u0101ta tiesisk\u0101 aizsardz\u012bba Maskavas pras\u012bbu&hellip;\n","protected":false},"author":2,"featured_media":10627,"comment_status":"","ping_status":"","sticky":false,"template":"","format":"standard","meta":{"footnotes":""},"categories":[14],"tags":[23,57,28,29,4012,32,33,22,234,4011,74,30,31,35,39,38,36,37,34,40,20,26,27,24,25,235,54,55,56,21,58],"class_list":{"0":"post-10626","1":"post","2":"type-post","3":"status-publish","4":"format-standard","5":"has-post-thumbnail","7":"category-zinas-no-arvalstim","8":"tag-aktualitates","9":"tag-arvalstim","10":"tag-breaking-news","11":"tag-breakingnews","12":"tag-es-lideri","13":"tag-featured-news","14":"tag-featurednews","15":"tag-headlines","16":"tag-krievija","17":"tag-krievijas-aktivi","18":"tag-krievijas-iebrukums-ukraina","19":"tag-latest-news","20":"tag-latestnews","21":"tag-latvia","22":"tag-latvian","23":"tag-latviesu","24":"tag-latviesu-valoda","25":"tag-latviesuvaloda","26":"tag-latvija","27":"tag-lv","28":"tag-news","29":"tag-popularakas-zinas","30":"tag-popularakaszinas","31":"tag-top-stories","32":"tag-topstories","33":"tag-vladimirs-putins","34":"tag-world","35":"tag-world-news","36":"tag-worldnews","37":"tag-zinas","38":"tag-zinas-no-arvalstim"},"share_on_mastodon":{"url":"","error":""},"_links":{"self":[{"href":"https:\/\/www.europesays.com\/lv\/wp-json\/wp\/v2\/posts\/10626","targetHints":{"allow":["GET"]}}],"collection":[{"href":"https:\/\/www.europesays.com\/lv\/wp-json\/wp\/v2\/posts"}],"about":[{"href":"https:\/\/www.europesays.com\/lv\/wp-json\/wp\/v2\/types\/post"}],"author":[{"embeddable":true,"href":"https:\/\/www.europesays.com\/lv\/wp-json\/wp\/v2\/users\/2"}],"replies":[{"embeddable":true,"href":"https:\/\/www.europesays.com\/lv\/wp-json\/wp\/v2\/comments?post=10626"}],"version-history":[{"count":0,"href":"https:\/\/www.europesays.com\/lv\/wp-json\/wp\/v2\/posts\/10626\/revisions"}],"wp:featuredmedia":[{"embeddable":true,"href":"https:\/\/www.europesays.com\/lv\/wp-json\/wp\/v2\/media\/10627"}],"wp:attachment":[{"href":"https:\/\/www.europesays.com\/lv\/wp-json\/wp\/v2\/media?parent=10626"}],"wp:term":[{"taxonomy":"category","embeddable":true,"href":"https:\/\/www.europesays.com\/lv\/wp-json\/wp\/v2\/categories?post=10626"},{"taxonomy":"post_tag","embeddable":true,"href":"https:\/\/www.europesays.com\/lv\/wp-json\/wp\/v2\/tags?post=10626"}],"curies":[{"name":"wp","href":"https:\/\/api.w.org\/{rel}","templated":true}]}}