{"id":106264,"date":"2026-01-16T09:08:07","date_gmt":"2026-01-16T09:08:07","guid":{"rendered":"https:\/\/www.europesays.com\/lv\/106264\/"},"modified":"2026-01-16T09:08:07","modified_gmt":"2026-01-16T09:08:07","slug":"balinskis-ar-panthers-otro-gadu-pec-kartas-viesojas-baltaja-nama-pie-trampa","status":"publish","type":"post","link":"https:\/\/www.europesays.com\/lv\/106264\/","title":{"rendered":"Balinskis ar &#8220;Panthers&#8221; otro gadu p\u0113c k\u0101rtas viesojas Baltaj\u0101 nam\u0101 pie Trampa"},"content":{"rendered":"<p>                                <img decoding=\"async\" src=\"https:\/\/www.europesays.com\/lv\/wp-content\/uploads\/2026\/01\/2026-01-15t222020z_660986606_rc2l1jauf88c_rtrmadp_3_usa-trump-750x450.jpg\"   alt=\"Floridas Panthers un Donalds Tramps\" class=\"post-featured-image\"\/><\/p>\n<p>Donalds Tramps un Floridas &#8220;Panthers&#8221; komanda | Foto: REUTERS\/Evelyn Hockstein<\/p>\n<p>Latvijas hokejists <a href=\"https:\/\/www.sportazinas.com\/atsl%C4%93gv%C4%81rdi\/uvis-balinskis\/\" rel=\"nofollow noopener\" target=\"_blank\">Uvis J\u0101nis Balinskis <\/a>kop\u0101 ar p\u0113d\u0113jo divu gadu Stenlija kausa ieguv\u0113ju Floridas \u201cPanthers\u201d ceturtdien viesoj\u0101s Baltaj\u0101 nam\u0101 pie ASV prezidenta Donalda Trampa.<\/p>\n<p>Balinskis iepriek\u0161\u0113j\u0101 sezon\u0101 ar \u201cPanthers\u201d komandu k\u013cuva par Stenlija kausa ieguv\u0113ju, Floridas vien\u012bbai Nacion\u0101l\u0101s hokeja l\u012bgas (NHL) fin\u0101ls\u0113rij\u0101 ar 4-2 uzvarot Edmontonas \u201cOilers\u201d. Gadu iepriek\u0161 \u201cPanthers\u201d fin\u0101l\u0101 ar\u012b tik\u0101s ar \u201cOilers\u201d un tad bija p\u0101r\u0101ki ar 4-3.<\/p>\n<p>Ja 2024. gada Stenlija kausa izc\u012b\u0146\u0101 Balinskis nepiedal\u012bj\u0101s, tad pag\u0101ju\u0161aj\u0101 sezon\u0101 vi\u0146\u0161 aizvad\u012bja piecas \u201cplay off\u201d sp\u0113les un guva vienus v\u0101rtus, bet regul\u0101raj\u0101 \u010dempion\u0101t\u0101 76 ma\u010dos iekr\u0101ja 18 (4+14) punktus un vi\u0146a v\u0101rds uz Stenlija kausa tika iegrav\u0113ts.<\/p>\n<p>Zieme\u013camerikas profesion\u0101lo l\u012bgu uzvar\u0113t\u0101ji ierasti viesojas Baltaj\u0101 nam\u0101 pie ASV prezidenta. \u201cM\u0113s negras\u0101mies apst\u0101ties,\u201d ar t\u0101du saukli Baltaj\u0101 nam\u0101 ceturtdien ierad\u0101s \u201cPanthers\u201d, kas Trampam uzd\u0101vin\u0101ja komandas kreklu ar 47. numuru, zelta n\u016bju un p\u0113d\u0113jo divu sezonu \u010dempionu gredzenus.<\/p>\n<p>\u201cPanthers\u201d \u0161\u012b sezona vair\u0101ku savainoto l\u012bderu d\u0113\u013c nav izv\u0113rtusies p\u0101r\u0101k sekm\u012bga, un komanda ar 51 punktu 45 sp\u0113l\u0113s ie\u0146em 12. poz\u012bciju Austrumu konferenc\u0113.<\/p>\n<p>N\u0101kamo ma\u010du Floridas vien\u012bba, kuras rind\u0101s \u0161obr\u012bd ar\u012b ir uzbruc\u0113js Sandis Vilmanis, aizvad\u012bs nakt\u012b uz sestdienu p\u0113c Latvijas laika, izbraukum\u0101 tiekoties ar Karol\u012bnas \u201cHurricanes\u201d hokejistiem.<\/p>\n","protected":false},"excerpt":{"rendered":"Donalds Tramps un Floridas &#8220;Panthers&#8221; komanda | Foto: REUTERS\/Evelyn Hockstein Latvijas hokejists Uvis J\u0101nis Balinskis kop\u0101 ar p\u0113d\u0113jo&hellip;\n","protected":false},"author":2,"featured_media":106265,"comment_status":"","ping_status":"","sticky":false,"template":"","format":"standard","meta":{"footnotes":""},"categories":[17],"tags":[35,39,38,36,37,34,40,67],"class_list":{"0":"post-106264","1":"post","2":"type-post","3":"status-publish","4":"format-standard","5":"has-post-thumbnail","7":"category-sports","8":"tag-latvia","9":"tag-latvian","10":"tag-latviesu","11":"tag-latviesu-valoda","12":"tag-latviesuvaloda","13":"tag-latvija","14":"tag-lv","15":"tag-sports"},"share_on_mastodon":{"url":"https:\/\/pubeurope.com\/@lv\/115903994425348385","error":""},"_links":{"self":[{"href":"https:\/\/www.europesays.com\/lv\/wp-json\/wp\/v2\/posts\/106264","targetHints":{"allow":["GET"]}}],"collection":[{"href":"https:\/\/www.europesays.com\/lv\/wp-json\/wp\/v2\/posts"}],"about":[{"href":"https:\/\/www.europesays.com\/lv\/wp-json\/wp\/v2\/types\/post"}],"author":[{"embeddable":true,"href":"https:\/\/www.europesays.com\/lv\/wp-json\/wp\/v2\/users\/2"}],"replies":[{"embeddable":true,"href":"https:\/\/www.europesays.com\/lv\/wp-json\/wp\/v2\/comments?post=106264"}],"version-history":[{"count":0,"href":"https:\/\/www.europesays.com\/lv\/wp-json\/wp\/v2\/posts\/106264\/revisions"}],"wp:featuredmedia":[{"embeddable":true,"href":"https:\/\/www.europesays.com\/lv\/wp-json\/wp\/v2\/media\/106265"}],"wp:attachment":[{"href":"https:\/\/www.europesays.com\/lv\/wp-json\/wp\/v2\/media?parent=106264"}],"wp:term":[{"taxonomy":"category","embeddable":true,"href":"https:\/\/www.europesays.com\/lv\/wp-json\/wp\/v2\/categories?post=106264"},{"taxonomy":"post_tag","embeddable":true,"href":"https:\/\/www.europesays.com\/lv\/wp-json\/wp\/v2\/tags?post=106264"}],"curies":[{"name":"wp","href":"https:\/\/api.w.org\/{rel}","templated":true}]}}