{"id":106266,"date":"2026-01-16T09:11:09","date_gmt":"2026-01-16T09:11:09","guid":{"rendered":"https:\/\/www.europesays.com\/lv\/106266\/"},"modified":"2026-01-16T09:11:09","modified_gmt":"2026-01-16T09:11:09","slug":"aukstakais-janvaris-pedejo-15-gadu-laika-latvijai-jaunnedel-tuvosies-stiprs-sals-no-arktikas-un-sibirijas","status":"publish","type":"post","link":"https:\/\/www.europesays.com\/lv\/106266\/","title":{"rendered":"Aukst\u0101kais janv\u0101ris p\u0113d\u0113jo 15 gadu laik\u0101: Latvijai jaunned\u0113\u013c tuvosies stiprs sals no Arktikas un Sib\u012brijas"},"content":{"rendered":"<p>    <img decoding=\"async\" src=\"https:\/\/www.europesays.com\/lv\/wp-content\/uploads\/2026\/01\/2021_ziema_ANim.jpg\" alt=\"&#10;\"\/><\/p>\n<p>Foto: Arturs N\u012bmanis\n<\/p>\n<p>S\u0101kot ar n\u0101kam\u0101s ned\u0113\u013cas otro pusi, Latviju var sasniegt liel\u0101ks aukstums; prognozes pagaid\u0101m ir sv\u0101rst\u012bgas, liecina meteorolo\u0123isk\u0101 inform\u0101cija.<\/p>\n<p>        Las\u012bt\u0101kie<br \/>\n        <a data-imagesrc=\"{&quot;300&quot;:&quot;https:\\\/\\\/lastatic.ams3.cdn.digitaloceanspaces.com\\\/2026\\\/01\\\/Ganibu-300x225.jpg&quot;,&quot;1024&quot;:&quot;https:\\\/\\\/lastatic.ams3.cdn.digitaloceanspaces.com\\\/2026\\\/01\\\/Ganibu-1024x768.jpg&quot;,&quot;1536&quot;:&quot;https:\\\/\\\/lastatic.ams3.cdn.digitaloceanspaces.com\\\/2026\\\/01\\\/Ganibu-1536x1152.jpg&quot;,&quot;500&quot;:&quot;https:\\\/\\\/lastatic.ams3.cdn.digitaloceanspaces.com\\\/2026\\\/01\\\/Ganibu-500x375.jpg&quot;,&quot;800&quot;:&quot;https:\\\/\\\/lastatic.ams3.cdn.digitaloceanspaces.com\\\/2026\\\/01\\\/Ganibu-800x600.jpg&quot;,&quot;1600&quot;:&quot;https:\\\/\\\/lastatic.ams3.cdn.digitaloceanspaces.com\\\/2026\\\/01\\\/Ganibu.jpg&quot;}\" data-focuspoint=\"&quot;&quot;\" data-p=\"2495340\" href=\"https:\/\/www.la.lv\/spradziens-ganibu-dambi-dzivokla-saimnieks-atklaj-iespejamo-nelaimes-iemeslu\" class=\"content-item lazy-load\" wp_automatic_readability=\"26\" rel=\"nofollow noopener\" target=\"_blank\"><\/p>\n<p>                                <img decoding=\"async\" src=\"\" alt=\"\" style=\"\" data-imageid=\"\"\/><\/p>\n<p>\n                                                Spr\u0101dziens Gan\u012bbu damb\u012b \u2013 dz\u012bvok\u013ca saimnieks atkl\u0101j iesp\u0113jamo nelaimes iemeslu\n                            <\/p>\n<p><\/a><a data-imagesrc=\"{&quot;300&quot;:&quot;https:\\\/\\\/lastatic.ams3.cdn.digitaloceanspaces.com\\\/2025\\\/10\\\/pexels-vika-glitter-392079-3766479-300x231.jpg&quot;,&quot;1024&quot;:&quot;https:\\\/\\\/lastatic.ams3.cdn.digitaloceanspaces.com\\\/2025\\\/10\\\/pexels-vika-glitter-392079-3766479-1024x788.jpg&quot;,&quot;1536&quot;:&quot;https:\\\/\\\/lastatic.ams3.cdn.digitaloceanspaces.com\\\/2025\\\/10\\\/pexels-vika-glitter-392079-3766479-1536x1181.jpg&quot;,&quot;500&quot;:&quot;https:\\\/\\\/lastatic.ams3.cdn.digitaloceanspaces.com\\\/2025\\\/10\\\/pexels-vika-glitter-392079-3766479-500x385.jpg&quot;,&quot;800&quot;:&quot;https:\\\/\\\/lastatic.ams3.cdn.digitaloceanspaces.com\\\/2025\\\/10\\\/pexels-vika-glitter-392079-3766479-800x615.jpg&quot;,&quot;2560&quot;:&quot;https:\\\/\\\/lastatic.ams3.cdn.digitaloceanspaces.com\\\/2025\\\/10\\\/pexels-vika-glitter-392079-3766479-scaled.jpg&quot;}\" data-focuspoint=\"&quot;&quot;\" data-p=\"2492801\" href=\"https:\/\/www.la.lv\/sis-tris-zodiaka-zimes-redz-tev-cauri-vinam-piemit-istas-detektiva-prasmes\" class=\"content-item lazy-load\" wp_automatic_readability=\"26\" rel=\"nofollow noopener\" target=\"_blank\"><\/p>\n<p>                                <img decoding=\"async\" src=\"\" alt=\"\" style=\"\" data-imageid=\"\"\/><\/p>\n<p>                                Kokteilis<\/p>\n<p>\n                                                \u0160\u012bs tr\u012bs zodiaka z\u012bmes redz tev cauri: vi\u0146\u0101m piem\u012bt \u012bstas detekt\u012bva prasmes\n                            <\/p>\n<p><\/a><a data-imagesrc=\"{&quot;300&quot;:&quot;https:\\\/\\\/lastatic.ams3.cdn.digitaloceanspaces.com\\\/2024\\\/04\\\/LET_24762978-1-300x199.jpg&quot;,&quot;768&quot;:&quot;https:\\\/\\\/lastatic.ams3.cdn.digitaloceanspaces.com\\\/2024\\\/04\\\/LET_24762978-1-768x510.jpg&quot;,&quot;200&quot;:&quot;https:\\\/\\\/lastatic.ams3.cdn.digitaloceanspaces.com\\\/2024\\\/04\\\/LET_24762978-1-200x133.jpg&quot;,&quot;400&quot;:&quot;https:\\\/\\\/lastatic.ams3.cdn.digitaloceanspaces.com\\\/2024\\\/04\\\/LET_24762978-1-400x266.jpg&quot;,&quot;500&quot;:&quot;https:\\\/\\\/lastatic.ams3.cdn.digitaloceanspaces.com\\\/2024\\\/04\\\/LET_24762978-1-500x332.jpg&quot;,&quot;800&quot;:&quot;https:\\\/\\\/lastatic.ams3.cdn.digitaloceanspaces.com\\\/2024\\\/04\\\/LET_24762978-1-800x531.jpg&quot;,&quot;1000&quot;:&quot;https:\\\/\\\/lastatic.ams3.cdn.digitaloceanspaces.com\\\/2024\\\/04\\\/LET_24762978-1.jpg&quot;}\" data-focuspoint=\"{&quot;x&quot;:&quot;47.38156399614123&quot;,&quot;y&quot;:&quot;33.25313680149975&quot;}\" data-p=\"2494626\" href=\"https:\/\/www.la.lv\/karmiska-vilkme-uz-lindam-pilseta-baumo-ka-hosams-abu-meri-ir-ar-jau-treso-lindu\" class=\"content-item lazy-load\" wp_automatic_readability=\"26.5\" rel=\"nofollow noopener\" target=\"_blank\"><\/p>\n<p>                                <img decoding=\"async\" src=\"\" alt=\"\" style=\"object-position: 47.38156399614123% 33.25313680149975%\" data-imageid=\"\"\/><\/p>\n<p>                                Kokteilis<\/p>\n<p>\n                                                \u201cKarmiska vilkme uz Lind\u0101m\u201d \u2013 pils\u0113t\u0101 baumo, ka Hosams Abu Meri ir ar jau tre\u0161o Lindu\n                            <\/p>\n<p><\/a><br \/>\n        <a class=\"read-more\" href=\"https:\/\/www.la.lv\/top\" rel=\"nofollow noopener\" target=\"_blank\">Las\u012bt citas zi\u0146as<\/a><\/p>\n<p>\u0160\u012bs ned\u0113\u013cas nogal\u0113 un n\u0101kam\u0101s ned\u0113\u013cas s\u0101kum\u0101 galvenok\u0101rt gaid\u0101ms neliels m\u0101ko\u0146u daudzums, bez nokri\u0161\u0146iem. V\u0113j\u0161 l\u0113ni p\u016bt\u012bs no dienvidu puses, sestdien v\u0113j\u0161 b\u016bs nedaudz as\u0101ks. Gaisa temperat\u016bra nakt\u012bs pazemin\u0101sies l\u012bdz -8..-15 gr\u0101diem, viet\u0101m valsts austrumu da\u013c\u0101 l\u012bdz -19 gr\u0101diem; jaun\u0101s ned\u0113\u013cas s\u0101kum\u0101 viet\u0101m visos re\u0123ionos, kur skaidras debesis, termometra stabi\u0146\u0161 var nosl\u012bd\u0113t l\u012bdz -20 gr\u0101diem. Dienas vid\u016b nek\u013c\u016bs silt\u0101ks par -3..-11 gr\u0101diem.<\/p>\n<p>N\u0101kam\u0101s ned\u0113\u013cas vid\u016b tiek prognoz\u0113ts liel\u0101ks m\u0101ko\u0146u daudzums, iesp\u0113jama snig\u0161ana, gaisa temperat\u016bra \u012bslaic\u012bgi paaugstin\u0101sies.<\/p>\n<p>    CITI \u0160OBR\u012aD LASA<\/p>\n<p>Ned\u0113\u013cas otraj\u0101 pus\u0113 un janv\u0101ra p\u0113d\u0113j\u0101 ned\u0113\u013c\u0101 Latviju, iesp\u0113jams, sasniegs stiprs sals no Arktikas un Sib\u012brijas. Saska\u0146\u0101 ar pa\u0161reiz\u0113jo \u201cGlobal Forecast System\u201d prognozi sals viet\u0101m br\u012b\u017eiem p\u0101rsniegs 25 gr\u0101dus un aukst\u0101kaj\u0101s dien\u0101s termometra stabi\u0146\u0161 nepak\u0101psies augst\u0101k par -10..-18 gr\u0101diem.<\/p>\n<p>Atbilsto\u0161i Eiropas Vid\u0113ja termi\u0146a laika progno\u017eu centra datiem janv\u0101ra p\u0113d\u0113j\u0101s divas ned\u0113\u013cas Latvij\u0101 gaid\u0101mas 6-8 gr\u0101dus aukst\u0101kas par normu, ar\u012b febru\u0101ris prognoz\u0113ts v\u0113s\u0101ks nek\u0101 parasti.<\/p>\n<p>Janv\u0101ris, iesp\u0113jams, k\u013c\u016bs par aukst\u0101ko m\u0113nesi kop\u0161 2012. gada febru\u0101ra, kad m\u0113ne\u0161a vid\u0113j\u0101 temperat\u016bra valst\u012b bija -8,8 gr\u0101di, un par aukst\u0101ko janv\u0101ri kop\u0161 2010. gada, kad m\u0113ne\u0161a vid\u0113j\u0101 temperat\u016bra nosl\u012bd\u0113ja l\u012bdz -11,5 gr\u0101diem.<\/p>\n<p>T\u0113mas<\/p>\n<p>    SAIST\u012aTIE RAKSTI<\/p>\n","protected":false},"excerpt":{"rendered":"Foto: Arturs N\u012bmanis S\u0101kot ar n\u0101kam\u0101s ned\u0113\u013cas otro pusi, Latviju var sasniegt liel\u0101ks aukstums; prognozes pagaid\u0101m ir sv\u0101rst\u012bgas,&hellip;\n","protected":false},"author":2,"featured_media":106267,"comment_status":"","ping_status":"","sticky":false,"template":"","format":"standard","meta":{"footnotes":""},"categories":[12],"tags":[23,28,29,32,33,22,30,31,35,39,38,36,37,34,40,20,26,27,24,25,21],"class_list":{"0":"post-106266","1":"post","2":"type-post","3":"status-publish","4":"format-standard","5":"has-post-thumbnail","7":"category-latvija","8":"tag-aktualitates","9":"tag-breaking-news","10":"tag-breakingnews","11":"tag-featured-news","12":"tag-featurednews","13":"tag-headlines","14":"tag-latest-news","15":"tag-latestnews","16":"tag-latvia","17":"tag-latvian","18":"tag-latviesu","19":"tag-latviesu-valoda","20":"tag-latviesuvaloda","21":"tag-latvija","22":"tag-lv","23":"tag-news","24":"tag-popularakas-zinas","25":"tag-popularakaszinas","26":"tag-top-stories","27":"tag-topstories","28":"tag-zinas"},"share_on_mastodon":{"url":"https:\/\/pubeurope.com\/@lv\/115904006251530752","error":""},"_links":{"self":[{"href":"https:\/\/www.europesays.com\/lv\/wp-json\/wp\/v2\/posts\/106266","targetHints":{"allow":["GET"]}}],"collection":[{"href":"https:\/\/www.europesays.com\/lv\/wp-json\/wp\/v2\/posts"}],"about":[{"href":"https:\/\/www.europesays.com\/lv\/wp-json\/wp\/v2\/types\/post"}],"author":[{"embeddable":true,"href":"https:\/\/www.europesays.com\/lv\/wp-json\/wp\/v2\/users\/2"}],"replies":[{"embeddable":true,"href":"https:\/\/www.europesays.com\/lv\/wp-json\/wp\/v2\/comments?post=106266"}],"version-history":[{"count":0,"href":"https:\/\/www.europesays.com\/lv\/wp-json\/wp\/v2\/posts\/106266\/revisions"}],"wp:featuredmedia":[{"embeddable":true,"href":"https:\/\/www.europesays.com\/lv\/wp-json\/wp\/v2\/media\/106267"}],"wp:attachment":[{"href":"https:\/\/www.europesays.com\/lv\/wp-json\/wp\/v2\/media?parent=106266"}],"wp:term":[{"taxonomy":"category","embeddable":true,"href":"https:\/\/www.europesays.com\/lv\/wp-json\/wp\/v2\/categories?post=106266"},{"taxonomy":"post_tag","embeddable":true,"href":"https:\/\/www.europesays.com\/lv\/wp-json\/wp\/v2\/tags?post=106266"}],"curies":[{"name":"wp","href":"https:\/\/api.w.org\/{rel}","templated":true}]}}